{"585039":{"titulo":"Segundona: Sem est\u00e1dio, Am\u00e9rica est\u00e1 fora da competi\u00e7\u00e3o","link":"https:\/\/www.futebolinterior.com.br\/segundona-sem-estadio-america-esta-fora-da-competicao\/","chapeu":"QUE FASE","data":"13\/02\/2016","imagem":"https:\/\/images.futebolinterior.com.br\/2021\/04\/0002050142796_img-300x171.jpg","resumo":"O Teixeir\u00e3o, que tem apenas 20 anos, est\u00e1 em estado deplor\u00e1vel e n\u00e3o tem condi\u00e7\u00f5es de receber jogos oficiais"},"585055":{"titulo":"Segundona: FPF define regulamento e grupos. Confira tudo!","link":"https:\/\/www.futebolinterior.com.br\/segundona-fpf-define-regulamento-e-grupos-confira-tudo\/","chapeu":"DEFINIDO!","data":"12\/02\/2016","imagem":"https:\/\/images.futebolinterior.com.br\/2021\/04\/0002050142782_img-300x199.jpg","resumo":"A Federa\u00e7\u00e3o Paulista de Futebol (FPF) divulgou, nesta sexta-feira, todos os detalhes do Campeonato Paulista da Segunda Divis\u00e3o de 2016."},"585176":{"titulo":"Segundona: Ex-meia Robert inicia trabalho como auxiliar da Portuguesa Santista","link":"https:\/\/www.futebolinterior.com.br\/segundona-ex-meia-robert-inicia-trabalho-como-auxiliar-da-portuguesa-santista\/","chapeu":"OLHA ELE A\u00cd!","data":"12\/02\/2016","imagem":"https:\/\/images.futebolinterior.com.br\/2021\/04\/0002050142679_img-288x300.jpg","resumo":"O campe\u00e3o brasileiro de 2002 pelo Peixe ir\u00e1 atuar ao lado do treinador Ricardo Costa na Segundona"},"585930":{"titulo":"PARAB\u00c9NS! Quarta-feira marca o Dia do Atleta Profissional no Brasil","link":"https:\/\/www.futebolinterior.com.br\/parabens-quarta-feira-marca-o-dia-do-atleta-profissional-no-brasil\/","chapeu":"\u00c9 HOJE","data":"10\/02\/2016","imagem":"https:\/\/images.futebolinterior.com.br\/2021\/04\/0002050141962_img-300x169.jpg","resumo":"Al\u00e9m de feriado religioso, a quarta-feira tamb\u00e9m marca o Dia do Atleta Profissional"},"585958":{"titulo":"Completando 20 anos, Teixeir\u00e3o est\u00e1 totalmente abandonado e deteriorado","link":"https:\/\/www.futebolinterior.com.br\/completando-20-anos-teixeirao-esta-totalmente-abandonado-e-deteriorado\/","chapeu":"M\u00c1S CONDI\u00c7\u00d5ES!","data":"10\/02\/2016","imagem":"https:\/\/images.futebolinterior.com.br\/2021\/04\/0002050141944_img-300x171.jpg","resumo":"H\u00e1 exatamente a 20 anos, era inaugurado o novo est\u00e1dio do Am\u00e9rica, o Est\u00e1dio Benedito Teixeira, o Teixeir\u00e3o, com capacidade para 32.426 lugares"},"586298":{"titulo":"Segundona: V\u00edtima de muitos aventureiros, Francana fecha as portas em 2016","link":"https:\/\/www.futebolinterior.com.br\/segundona-vitima-de-muitos-aventureiros-francana-fecha-as-portas-em-2016\/","chapeu":"'EM OBRAS'","data":"08\/02\/2016","imagem":"https:\/\/images.futebolinterior.com.br\/2021\/04\/0002050141689_img-300x227.jpg","resumo":"A expectativa da equipe \u00e9 ter uma base forte para retornar ao futebol em 2017"},"586470":{"titulo":"China bate Inglaterra e gasta R$ 1,2 bi na janela de transfer\u00eancias","link":"https:\/\/www.futebolinterior.com.br\/china-bate-inglaterra-e-gasta-r-12-bi-na-janela-de-transferencias\/","chapeu":"CONSOLIDADO","data":"08\/02\/2016","imagem":"https:\/\/images.futebolinterior.com.br\/2021\/04\/0002050141552_img-300x178.jpg","resumo":"Ningu\u00e9m gastou mais contratando jogadores nos \u00faltimos dias do que os clubes da China"},"587000":{"titulo":"ABRACE filia a ACEISP que \u00e9 reconhecida por duas entidades internacionais","link":"https:\/\/www.futebolinterior.com.br\/abrace-filia-a-aceisp-que-e-reconhecida-por-duas-entidades-internacionais\/","chapeu":"APOIO TOTAL","data":"05\/02\/2016","imagem":"https:\/\/images.futebolinterior.com.br\/2021\/04\/0002050141067_img-227x300.jpg","resumo":"O presidente Aderson Maia Nogueira declarou que todos os requisitos para reconhecimento da ABRACE foram preenchidos"},"586995":{"titulo":"Segundona: Axel \u00e9 anunciado como novo treinador do Tabo\u00e3o da Serra","link":"https:\/\/www.futebolinterior.com.br\/segundona-axel-e-anunciado-como-novo-treinador-do-taboao-da-serra\/","chapeu":"FECHOU!","data":"05\/02\/2016","imagem":"https:\/\/images.futebolinterior.com.br\/2021\/04\/0002050141070_img-227x300.jpg","resumo":"Ap\u00f3s muito mist\u00e9rio, o Cats anunciou o ex-jogador Axel como novo treinador da equipe na temporada. Com passagens por Santos, S\u00e3o Paulo e sele\u00e7\u00e3o brasileira"},"587053":{"titulo":"Justi\u00e7a Federal acata den\u00fancia de fraude contra Edilson Capetinha, do Tabo\u00e3o","link":"https:\/\/www.futebolinterior.com.br\/justica-federal-acata-denuncia-de-fraude-contra-edilson-capetinha-do-taboao\/","chapeu":"XII...","data":"05\/02\/2016","imagem":"https:\/\/images.futebolinterior.com.br\/2021\/04\/0002050141035_img-300x200.jpg","resumo":"O MPF chegou a pedir a pris\u00e3o do atleta, mas a Justi\u00e7a Federal negou"}}