{"566341":{"titulo":"Segundona: Presidente Prudente busca primeira vit\u00f3ria na volta ao Prudent\u00e3o","link":"https:\/\/www.futebolinterior.com.br\/segundona-presidente-prudente-busca-primeira-vitoria-na-volta-ao-prudentao\/","chapeu":"VAI COM TUDO!","data":"21\/04\/2016","imagem":"https:\/\/images.futebolinterior.com.br\/2021\/04\/0002050160010_img-300x200.jpg","resumo":"O time n\u00e3o joga no Est\u00e1dio h\u00e1 mais de dois anos, at\u00e9 por isso o treinador Sozuinha est\u00e1 fazendo de tudo para arrumar o time"},"566426":{"titulo":"Segundona: Osvaldo Cruz treina firme em busca da primeira vit\u00f3ria no estadual","link":"https:\/\/www.futebolinterior.com.br\/segundona-osvaldo-cruz-treina-firme-em-busca-da-primeira-vitoria-no-estadual\/","chapeu":"FOCADOS!","data":"21\/04\/2016","imagem":"https:\/\/images.futebolinterior.com.br\/2021\/04\/0002050160001_img-300x225.jpg","resumo":"No treino dessa quarta-feira, o comandante cobrou uma nova postura dos atletas que n\u00e3o foram bem na estreia"},"566438":{"titulo":"Segundona: Santacruzense treina forte em busca da segunda vit\u00f3ria no estadual","link":"https:\/\/www.futebolinterior.com.br\/segundona-santacruzense-treina-forte-em-busca-da-segunda-vitoria-no-estadual\/","chapeu":"FOCADOS!","data":"21\/04\/2016","imagem":"https:\/\/images.futebolinterior.com.br\/2021\/04\/0002050159994_img.jpg","resumo":"Durante o treino dessa quarta-feira, o treinador Carlos Alberto Seixas trabalhou o posicionamento da equipe, procurando corrigir erros"},"566454":{"titulo":"SEGUNDONA PAULISTA: Ap\u00f3s boa estreia, Assisense encara Osvaldo Cruz pelo grupo 1","link":"https:\/\/www.futebolinterior.com.br\/segundona-paulista-apos-boa-estreia-assisense-encara-osvaldo-cruz-pelo-grupo-1\/","chapeu":"S\u00d3 JOG\u00c3O","data":"21\/04\/2016","imagem":"https:\/\/images.futebolinterior.com.br\/2021\/04\/0002050159979_img-300x282.jpg","resumo":"Al\u00e9m dessa partida na sexta-feira, o Osasco recebe o Diadema para tentar vencer seu primeiro jogo no estadual "},"566267":{"titulo":"Segundona: Jogo entre Am\u00e9rica e Jos\u00e9 Bonif\u00e1cio pode n\u00e3o acontecer","link":"https:\/\/www.futebolinterior.com.br\/segundona-jogo-entre-america-e-jose-bonifacio-pode-nao-acontecer\/","chapeu":"PROBLEMAS!","data":"21\/04\/2016","imagem":"https:\/\/images.futebolinterior.com.br\/2021\/04\/0002050159946_img-300x171.jpg","resumo":"O jogo entre Am\u00e9rica e Jos\u00e9 Bonif\u00e1cio, pela segunda rodada do Campeonato Paulista da Segunda Divis\u00e3o, no Teixeir\u00e3o, dever\u00e1 acontecer com port\u00f5es fechados"},"566280":{"titulo":"Segundona: Ed\u00edlson Capetinha estreia pelo Tabo\u00e3o da Serra nesse s\u00e1bado","link":"https:\/\/www.futebolinterior.com.br\/segundona-edilson-capetinha-estreia-pelo-taboao-da-serra-nesse-sabado\/","chapeu":"SHOW","data":"20\/04\/2016","imagem":"https:\/\/images.futebolinterior.com.br\/2021\/04\/0002050159770_img-207x300.jpg","resumo":"Para isso est\u00e1 sendo organizada uma grande festa, antes do confronto diante do Amparo em jogo v\u00e1lido pela segunda rodada do Grupo 3"},"566719":{"titulo":"SEGUNDONA: Na abertura da segunda rodada, Tanabi busca lideran\u00e7a isolada do Grupo 2","link":"https:\/\/www.futebolinterior.com.br\/segundona-na-abertura-da-segunda-rodada-tanabi-busca-lideranca-isolada-do-grupo-2\/","chapeu":"VAI COME\u00c7AR!","data":"20\/04\/2016","imagem":"https:\/\/images.futebolinterior.com.br\/2021\/04\/0002050159753_img-300x225.jpg","resumo":"Na estreia do estadual, o clube jogou muito bem e venceu o XV de Ja\u00fa por 3 a 1, com tr\u00eas gols do atacante Itamar"},"566670":{"titulo":"Novo Brasileir\u00e3o: CBF estuda jogos s\u00f3 aos fins de semana e fora das 'datas Fifa' em 2017","link":"https:\/\/www.futebolinterior.com.br\/novo-brasileirao-cbf-estuda-jogos-so-aos-fins-de-semana-e-fora-das-datas-fifa-em-2017\/","chapeu":"MUDAN\u00c7A \u00c0 VISTA","data":"20\/04\/2016","imagem":"https:\/\/images.futebolinterior.com.br\/2021\/04\/0002050159707_img-300x188.jpg","resumo":"Novo Brasileir\u00e3o: CBF estudo jogos s\u00f3 aos fins de semana e fora das 'datas Fifa'. Copas e regionais ficar\u00e3o com meios de semana e estaduais ser\u00e3o reduzidos"},"568344":{"titulo":"Segundona: Gr\u00eamio Prudente se reapresenta no CT j\u00e1 visando o confronto no estadual","link":"https:\/\/www.futebolinterior.com.br\/segundona-gremio-prudente-se-reapresenta-no-ct-ja-visando-o-confronto-no-estadual\/","chapeu":"DE OLHO","data":"19\/04\/2016","imagem":"https:\/\/images.futebolinterior.com.br\/2021\/04\/0002050159566_img-300x179.jpg","resumo":"No treino dessa quarta-feira, o t\u00e9cnico Lelo dividiu os atletas em dois grupos para iniciar a prepara\u00e7\u00e3o "},"567044":{"titulo":"R\u00e1dio Futebol Interior define programa\u00e7\u00e3o de jogos da semana","link":"https:\/\/www.futebolinterior.com.br\/radio-futebol-interior-define-programacao-de-jogos-da-semana\/","chapeu":"OU\u00c7A R\u00c1DIO FI!","data":"19\/04\/2016","imagem":"https:\/\/images.futebolinterior.com.br\/2021\/04\/0002050159544_img-300x200.jpg","resumo":"R\u00e1dio Futebol Interior define programa\u00e7\u00e3o de jogos da semana"}}