{"526862":{"titulo":"Segundona: Desportivo Brasil tem desfalque para primeiro jogo da semifinal","link":"https:\/\/www.futebolinterior.com.br\/segundona-desportivo-brasil-tem-desfalque-para-primeiro-jogo-da-semifinal\/","chapeu":"ESPORTES","data":"16\/09\/2016","imagem":"https:\/\/images.futebolinterior.com.br\/2021\/04\/0002050195717_img-300x169.jpg","resumo":"O t\u00e9cnico Odirlei n\u00e3o poder\u00e1 contar com o atacante J\u00falio C\u00e9sar, que levou o terceiro cart\u00e3o amarelo contra o Vocem"},"526881":{"titulo":"Tabo\u00e3o da Serra x Portuguesa Santista - A dois passos do para\u00edso!","link":"https:\/\/www.futebolinterior.com.br\/taboao-da-serra-x-portuguesa-santista-a-dois-passos-do-paraiso\/","chapeu":"QUASE L\u00c1!","data":"16\/09\/2016","imagem":"https:\/\/images.futebolinterior.com.br\/2021\/04\/0002050195702_img-300x200.jpg","resumo":"Clubes se enfrentam pela semifinal da Segunda Divis\u00e3o do Campeonato Paulista, Briosa leva vantagem devido a melhor campanha "},"525661":{"titulo":"Segundona: T\u00e9cnico quer Portuguesa Santista com paci\u00eancia diante do Tabo\u00e3o da Serra","link":"https:\/\/www.futebolinterior.com.br\/segundona-tecnico-quer-portuguesa-santista-com-paciencia-diante-do-taboao-da-serra\/","chapeu":"SEM AFOBAR! ","data":"16\/09\/2016","imagem":"https:\/\/images.futebolinterior.com.br\/2021\/04\/0002050195696_img-300x200.jpg","resumo":"Ricardo Costa analisa que a vaga ser\u00e1 definida em 180 minutos, ele comenta ter estudado batastante o advers\u00e1rio da semifinal "},"527029":{"titulo":"LUTO! Internacional de Bebedouro perde dois grandes nomes de sua hist\u00f3ria","link":"https:\/\/www.futebolinterior.com.br\/luto-internacional-de-bebedouro-perde-dois-grandes-nomes-de-sua-historia\/","chapeu":"TRISTE","data":"15\/09\/2016","imagem":"https:\/\/images.futebolinterior.com.br\/2021\/04\/0002050195571_img-169x300.jpg","resumo":"Trata-se de Renato Caroni, o \"Renatinho\", ex-volante do clube e Dr. Dorival Moreira Castro, o \"Chuca\" que foi diretor de futebol"},"526254":{"titulo":"Segundona: Com Futebol Sustent\u00e1vel, Tabo\u00e3o da Serra espera bom p\u00fablico em semifinal","link":"https:\/\/www.futebolinterior.com.br\/segundona-com-futebol-sustentavel-taboao-da-serra-espera-bom-publico-em-semifinal\/","chapeu":"\u00c9 SHOWSTENT\u00c1VEL","data":"15\/09\/2016","imagem":"https:\/\/images.futebolinterior.com.br\/2021\/04\/0002050195544_img-300x225.jpg","resumo":"O grande idealizador do Projeto Futebol Sustent\u00e1vel \u00e9 o presidente da Federa\u00e7\u00e3o Paulista de Futebol (FPF), Reinaldo Carneiro Bastos"},"526306":{"titulo":"Segundona: Pr\u00f3ximo ao centen\u00e1rio, Portuguesa Santista quer retornar \u00e0 A3. CONFIRA!","link":"https:\/\/www.futebolinterior.com.br\/segundona-proximo-ao-centenario-portuguesa-santista-quer-retornar-a-a3-confira\/","chapeu":"ESPECIAL!","data":"15\/09\/2016","imagem":"https:\/\/images.futebolinterior.com.br\/2021\/04\/0002050195519_img-300x200.jpg","resumo":"Briosa est\u00e1 afastada do terceiro escal\u00e3o estadual desde 2010, quando ficou em 18\u00ba lugar com 20 pontos"},"526012":{"titulo":"Segundona: Desportivo Brasil retorna \u00e0 fase que vale acesso \u00e0 A3. CONFIRA!","link":"https:\/\/www.futebolinterior.com.br\/segundona-desportivo-brasil-retorna-a-fase-que-vale-acesso-a-a3-confira\/","chapeu":"ESPECIAL!","data":"15\/09\/2016","imagem":"https:\/\/images.futebolinterior.com.br\/2021\/04\/0002050195470_img-300x109.jpg","resumo":"Em 2009, DB somou oito pontos, mesma pontu\u00e7\u00e3o do Taubat\u00e9, que, no entanto, fez um gol a mais"},"526430":{"titulo":"Segundona: Rebaixados em 2012, XV de Ja\u00fa e Tabo\u00e3o podem retornar juntos \u00e0 A3. CONFIRA!","link":"https:\/\/www.futebolinterior.com.br\/segundona-rebaixados-em-2012-xv-de-jau-e-taboao-podem-retornar-juntos-a-a3-confira\/","chapeu":"ESPECIAL!","data":"15\/09\/2016","imagem":"https:\/\/images.futebolinterior.com.br\/2021\/04\/0002050195231_img-300x152.jpg","resumo":"Naquele ano, o Galo da Comarca terminou em 18\u00ba lugar, enquanto o CATS foi lanterna da terceira divis\u00e3o estadual"},"526543":{"titulo":"Presidente do SAFESP cobra entidade do Desporto sobre INSS de \u00e1rbitro no amador","link":"https:\/\/www.futebolinterior.com.br\/presidente-do-safesp-cobra-entidade-do-desporto-sobre-inss-de-arbitro-no-amador\/","chapeu":"COMPROU A BRIGA","data":"14\/09\/2016","imagem":"https:\/\/images.futebolinterior.com.br\/2021\/04\/0002050195291_img-300x135.jpg","resumo":"O presidente do SAFESP, Arthur Alves J\u00fanior, encaminhou um of\u00edcio para a presid\u00eancia da Federa\u00e7\u00e3o Paulista de Futebol (FPF) no sentido de exigir provid\u00eancias sobre o assunto INSS"},"527806":{"titulo":"T\u00e9cnico do Amparo na Segundona, Edivan Coelho acompanha trabalho de Cuca no Palmeiras","link":"https:\/\/www.futebolinterior.com.br\/tecnico-do-amparo-na-segundona-edivan-coelho-acompanha-trabalho-de-cuca-no-palmeiras\/","chapeu":"SEGUNDONA","data":"13\/09\/2016","imagem":"https:\/\/images.futebolinterior.com.br\/2021\/04\/0002050194883_img-300x203.jpg","resumo":"O pr\u00f3ximo clube que Edivan Coelho deve visitar \u00e9 a Ponte Preta"}}