{"1871492":{"titulo":"Brusque-SC x Confian\u00e7a-SE - Quadricolor quer a 4\u00aa vit\u00f3ria seguida na S\u00e9rie C","link":"https:\/\/www.futebolinterior.com.br\/brusque-sc-x-confianca-se-vitoria\/","chapeu":"NO G4!","data":"14\/07\/2023","imagem":"https:\/\/images.futebolinterior.com.br\/2023\/05\/brusque-x-voltaco-300x168.jpg","resumo":"O Brusque-SC recebe o Confian\u00e7a-SE, neste s\u00e1bado (15), pela 13\u00aa rodada da S\u00e9rie C do Campeonato Brasileiro"},"1871254":{"titulo":"Altos-PI x Am\u00e9rica-RN - Confronto de lanternas pela S\u00e9rie C","link":"https:\/\/www.futebolinterior.com.br\/altos-america-rn-partida-de-lanternas\/","chapeu":"FASE RUIM","data":"14\/07\/2023","imagem":"https:\/\/images.futebolinterior.com.br\/2023\/07\/altos-america-rn-300x199.jpg","resumo":"Altos enfrenta Drag\u00e3o pela primeira vez em toda a hist\u00f3ria, com ambos indo a campo por objetivo comum na Terceirona: evitar a queda"},"1871429":{"titulo":"Manaus-MA x S\u00e3o Bernardo-SP - Gavi\u00e3o tenta se livrar do Z4 da S\u00e9rie C","link":"https:\/\/www.futebolinterior.com.br\/manaus-ma-x-sao-bernardo-sp-z4\/","chapeu":"DUELO!","data":"14\/07\/2023","imagem":"https:\/\/images.futebolinterior.com.br\/2023\/06\/manaus-Ismael-Monteiro-300x174.jpg","resumo":"Neste s\u00e1bado (15), o Manaus-AM enfrenta o S\u00e3o Bernardo-SP pela 13\u00aa rodada da S\u00e9rie C do Campeonato Brasileiro"},"1871347":{"titulo":"S\u00e9rie C: Remo-PA acerta retorno de volante velho conhecido da torcida","link":"https:\/\/www.futebolinterior.com.br\/serie-c-remo-acerta-retorno-volante\/","chapeu":"REFOR\u00c7O!","data":"14\/07\/2023","imagem":"https:\/\/images.futebolinterior.com.br\/2023\/07\/paulinho-curua-remo-300x186.png","resumo":"O Remo-PA anunciou a volta do volante Paulinho Curu\u00e1, velho conhecido da torcida azulina. O jogador de 26 anos estava no Le\u00e3o desde 2021"},"1871249":{"titulo":"N\u00e1utico-PE x Figueirense-SC - Duelo direto por G-8 da S\u00e9rie C","link":"https:\/\/www.futebolinterior.com.br\/nautico-figueirense-duelo-direto-g-8\/","chapeu":"PR\u00d3XIMOS","data":"14\/07\/2023","imagem":"https:\/\/images.futebolinterior.com.br\/2023\/07\/nautico-figueirense-2020-300x180.jpg","resumo":"N\u00e1utico busca manter momento positivo como mandante, pois tem terceira melhor campanha, j\u00e1 Figueira tenta chegar a grupo classificat\u00f3rio"},"1870999":{"titulo":"S\u00e9rie C: Volta Redonda-RJ anuncia atacante revelado pelo Vasco","link":"https:\/\/www.futebolinterior.com.br\/volta-redonda-anuncia-atacante-ex-vasco\/","chapeu":"CHEGOU","data":"13\/07\/2023","imagem":"https:\/\/images.futebolinterior.com.br\/2023\/07\/imagem_2023-07-13_191124397-300x175.png","resumo":"Centroavante chega ao Volta Redonda-RJ para tentar manter equipe no G8 da S\u00e9rie C"},"1870957":{"titulo":"S\u00e9rie C: H\u00e9lio dos Anjos aplica seu estilo de trabalho no Bicolor","link":"https:\/\/www.futebolinterior.com.br\/helio-dos-anjos-muda-trabalho-paysandu\/","chapeu":"INTENSIDADE ","data":"13\/07\/2023","imagem":"https:\/\/images.futebolinterior.com.br\/2023\/06\/helio-paysandu-300x179.jpg","resumo":"O cl\u00e1ssico Re-Pa, que ser\u00e1 disputado na pr\u00f3xima segunda-feira (17), \u00e0s 20h, pela 13\u00aa rodada da S\u00e9rie C. "},"1870920":{"titulo":"S\u00e9rie C: Esquerdinha estreia pelo Floresta-CE e celebra vit\u00f3ria sobre o Pouso Alegre-MG","link":"https:\/\/www.futebolinterior.com.br\/floresta\/","chapeu":"ESTREOU","data":"13\/07\/2023","imagem":"https:\/\/images.futebolinterior.com.br\/2023\/07\/imagem_2023-07-13_172048046-300x204.png","resumo":"O Floresta-CE venceu o Pouso Alegre-MG por 1 a 0 em Minas Gerais, duelo em que o meia realizou sua estreia"},"1870902":{"titulo":"S\u00e9rie C: S\u00e3o Bernardo-SP acerta com atacante ex-\u00c1gua Santa-SP","link":"https:\/\/www.futebolinterior.com.br\/serie-c-sao-bernardo-sp-atacante\/","chapeu":"REFOR\u00c7O!","data":"13\/07\/2023","imagem":"https:\/\/images.futebolinterior.com.br\/2023\/07\/lucas-tocantins-sao-bernardo-300x225.png","resumo":"O S\u00e3o Bernardo-SP acertou a contrata\u00e7\u00e3o do atacante Lucas Tocantins para a sequ\u00eancia da temporada"},"1870856":{"titulo":"S\u00e9rie C: Dado Cavalcanti \u00e9 apresentado no Am\u00e9rica-RN: \"Momento \u00e9 de mobiliza\u00e7\u00e3o\"","link":"https:\/\/www.futebolinterior.com.br\/serie-c-dado-cavalcanti-e-apresentado-no-america-rn-momento-e-de-mobilizacao\/","chapeu":"FOCADO","data":"13\/07\/2023","imagem":"https:\/\/images.futebolinterior.com.br\/2023\/07\/DADO-america-01-300x200.jpg","resumo":"Em seu retorno ao Am\u00e9rica-RN, Dado Cavalcanti tem a miss\u00e3o de evitar o rebaixamento na S\u00e9rie C do Brasileiro"}}