{"1457572":{"titulo":"S\u00e9rie C: Com a confian\u00e7a do elenco, auxiliar deve ser efetivado no Oeste","link":"https:\/\/www.futebolinterior.com.br\/serie-c-com-a-confianca-do-elenco-auxiliar-deve-ser-efetivado-no-oeste\/","chapeu":"RESOLVE?","data":"24\/08\/2021","imagem":"https:\/\/images.futebolinterior.com.br\/2021\/08\/sergio-freitas-oeste-237x300.jpg","resumo":"Antes da contrata\u00e7\u00e3o de Jo\u00e3o Brigatti, ali\u00e1s, S\u00e9rgio Alexsandro comandou o clube paulista em tr\u00eas oportunidades"},"1457393":{"titulo":"Sele\u00e7\u00e3o FI da 13\u00aa rodada da S\u00e9rie C tem t\u00e9cnico com melhor campanha e defesa forte","link":"https:\/\/www.futebolinterior.com.br\/selecao-fi-da-13a-rodada-da-serie-c-tem-tecnico-com-melhor-campanha-e-defesa-forte\/","chapeu":"OS MELHORES","data":"23\/08\/2021","imagem":"https:\/\/images.futebolinterior.com.br\/2021\/08\/1-1-300x200.jpeg","resumo":""},"1457403":{"titulo":"Jacuipense-BA 1 x 1 Santa Cruz-PE - Movimentado, mas empate ruim para os dois lados na S\u00e9rie C","link":"https:\/\/www.futebolinterior.com.br\/jacuipense-ba-1-x-1-santa-cruz-pe-movimentado-mas-empate-ruim-para-os-dois-lados-na-serie-c\/","chapeu":"TUDO IGUAL","data":"23\/08\/2021","imagem":"https:\/\/images.futebolinterior.com.br\/2021\/08\/E9hHE1EXIAcWTkz-300x214.jpg","resumo":""},"1457373":{"titulo":"S\u00e9rie C: Quando n\u00e3o \u00e9 dia, simplesmente n\u00e3o \u00e9 dia, n\u00e9 Botafogo-PB?","link":"https:\/\/www.futebolinterior.com.br\/serie-c-quando-nao-e-dia-simplesmente-nao-e-dia-ne-botafogo-pb\/","chapeu":"N\u00c3O ERA DIA","data":"23\/08\/2021","imagem":"https:\/\/images.futebolinterior.com.br\/2021\/08\/Botafogo-8-300x168.jpg","resumo":"Treinador do Botafogo-PB tenta v\u00e1rias alternativas, mas n\u00e3o evita derrota"},"1457366":{"titulo":"S\u00e9rie C: Paran\u00e1 anuncia sa\u00edda de zagueiro e atacante pouco utilizados","link":"https:\/\/www.futebolinterior.com.br\/serie-c-parana-anuncia-saida-de-zagueiro-e-atacante-pouco-utilizados\/","chapeu":"TCHAU TCHAU","data":"23\/08\/2021","imagem":"https:\/\/images.futebolinterior.com.br\/2021\/08\/Screenshot-2021-08-23-at-20-24-49-Barca-tricolor-Samuel-e-Luigi-deixam-o-Parana-e-clube-ja-soma-27-saidas-desde-o-inicio-d...-300x174.png","resumo":""},"1457321":{"titulo":"S\u00e9rie C: Novorizontino-SP lamenta empate, mas valoriza ponto fora de casa","link":"https:\/\/www.futebolinterior.com.br\/serie-c-novorizontino-sp-lamenta-empate-mas-valoriza-ponto-fora-de-casa\/","chapeu":"QUERIA VENCER","data":"23\/08\/2021","imagem":"https:\/\/images.futebolinterior.com.br\/2021\/08\/MICHELDOUGLASTREINO-300x211.jpg","resumo":"Novorizontino \u00e9 o terceiro colocado no Grupo B"},"1457283":{"titulo":"Exclusivo! Ex-Ponte Preta n\u00e3o \u00e9 mais t\u00e9cnico de time da S\u00e9rie C","link":"https:\/\/www.futebolinterior.com.br\/exclusivo-ex-ponte-preta-nao-e-mais-tecnico-de-time-da-serie-c\/","chapeu":"DE SA\u00cdDA","data":"23\/08\/2021","imagem":"https:\/\/images.futebolinterior.com.br\/2021\/08\/0002050529523_img-300x208.jpg","resumo":""},"1457267":{"titulo":"S\u00e9rie C: Crici\u00fama acerta com zagueiro Henrique, que rescindiu seu contrato com Caxias","link":"https:\/\/www.futebolinterior.com.br\/serie-c-criciuma-acerta-com-zagueiro-henrique-que-rescindiu-seu-contrato-com-caxias\/","chapeu":"REFOR\u00c7O","data":"23\/08\/2021","imagem":"https:\/\/images.futebolinterior.com.br\/2021\/08\/Henrique-Caxias-1-300x176.jpeg","resumo":""},"1457245":{"titulo":"S\u00e9rie C: Domingo pode definir a temporada do Paran\u00e1-PR: 'Se perdemos, j\u00e1 era'","link":"https:\/\/www.futebolinterior.com.br\/__trashed\/","chapeu":"DEFINI\u00c7\u00c3O DE 2021","data":"23\/08\/2021","imagem":"https:\/\/images.futebolinterior.com.br\/2021\/08\/51398433764_7ce07eb183_c-300x200.jpg","resumo":"Decis\u00e3o \u00e9 no domingo, \u00e0s 18 horas"},"1457215":{"titulo":"S\u00e9rie C: Jorginho vence a primeira fora de casa na S\u00e9rie C e comemora: \"Figueirense voltou para o jogo\"","link":"https:\/\/www.futebolinterior.com.br\/serie-c-jorginho-vence-a-primeira-fora-de-casa-na-serie-c-e-comemora-figueirense-voltou-para-o-jogo\/","chapeu":"ACORDOU?","data":"23\/08\/2021","imagem":"https:\/\/images.futebolinterior.com.br\/2021\/08\/Figueirense-1-300x184.jpg","resumo":""}}