{"1457809":{"titulo":"S\u00e9rie C: Presidente do Botafogo-SP indica sa\u00edda em novembro","link":"https:\/\/www.futebolinterior.com.br\/serie-c-presidente-do-botafogo-sp-indica-saida-em-novembro\/","chapeu":"RETA FINAL","data":"24\/08\/2021","imagem":"https:\/\/images.futebolinterior.com.br\/2021\/08\/botafogosp017-300x170.jpg","resumo":""},"1457806":{"titulo":"S\u00e9rie C: Treinador do Santa Cruz-PE ressalta import\u00e2ncia da parte mental","link":"https:\/\/www.futebolinterior.com.br\/serie-c-treinador-do-santa-cruz-pe-ressalta-importancia-da-parte-mental\/","chapeu":"PARTE MENTAL","data":"24\/08\/2021","imagem":"https:\/\/images.futebolinterior.com.br\/2021\/08\/Santa-Cruz-1-300x200.jpeg","resumo":"Fase do Tricolor \u00e9 complicadiss\u00edma"},"1457803":{"titulo":"S\u00e9rie C: Crici\u00fama apresenta volante Renan Areias que fala em acesso: 'Nosso grande objetivo'","link":"https:\/\/www.futebolinterior.com.br\/serie-c-criciuma-apresenta-volante-renan-areias-que-fala-em-acesso-nosso-grande-objetivo\/","chapeu":"PRIMEIRAS PALAVRAS","data":"24\/08\/2021","imagem":"https:\/\/images.futebolinterior.com.br\/2021\/08\/IMG_49361-e1629830434819-300x300.jpg","resumo":""},"1457790":{"titulo":"S\u00e9rie C: Lateral do Botafogo-PB fala sobre sequ\u00eancia: 'Cada partida \u00e9 uma final'","link":"https:\/\/www.futebolinterior.com.br\/serie-c-lateral-do-botafogo-pb-fala-sobre-sequencia-cada-partida-e-uma-final\/","chapeu":"DISPUTADO","data":"24\/08\/2021","imagem":"https:\/\/images.futebolinterior.com.br\/2021\/08\/Botafogo-9-300x169.jpg","resumo":"Dist\u00e2ncia para o sexto e para o l\u00edder \u00e9 de apenas um ponto"},"1457775":{"titulo":"S\u00e9rie C: Jacuipense-BA contrata zagueiro revelado no Flamengo e que estava no Treze","link":"https:\/\/www.futebolinterior.com.br\/serie-c-jacuipense-ba-contrata-zagueiro-revelado-no-flamengo-e-que-estava-no-treze\/","chapeu":"ELE CHEGOU","data":"24\/08\/2021","imagem":"https:\/\/images.futebolinterior.com.br\/2021\/08\/Screenshot-2021-08-24-at-15-05-17-Esporte-Clube-Jacuipense-no-Instagram-Marlon-e-o-novo-zagueiro-do-Jacuipense-Formado-nas...-300x300.png","resumo":""},"1457731":{"titulo":"S\u00e9rie C: Paysandu anuncia atacante que conseguiu acesso por arquirrival em 2020","link":"https:\/\/www.futebolinterior.com.br\/serie-c-paysandu-anuncia-atacante-que-conseguiu-acesso-por-arquirrival-em-2020\/","chapeu":"ELE CHEGOU!","data":"24\/08\/2021","imagem":"https:\/\/images.futebolinterior.com.br\/2021\/08\/E9kU94yXMAEMstV-e1629826420319-285x300.jpg","resumo":""},"1457716":{"titulo":"S\u00e9rie C: Depois de cinco empates seguidos, Ferrovi\u00e1rio se reapresenta e t\u00e9cnico mostra confian\u00e7a pela classifica\u00e7\u00e3o","link":"https:\/\/www.futebolinterior.com.br\/serie-c-depois-de-cinco-empates-seguidos-ferroviario-se-reapresenta-e-tecnico-mostra-confianca-pela-classificacao\/","chapeu":"FOCO TOTAL","data":"24\/08\/2021","imagem":"https:\/\/images.futebolinterior.com.br\/2021\/08\/IMG-20210823-WA0046-300x200.jpg","resumo":""},"1457706":{"titulo":"S\u00e9rie C: Figueirense fica a detalhes de anunciar lateral da S\u00e9rie A e pode ganhar volta de Garr\u00e9","link":"https:\/\/www.futebolinterior.com.br\/serie-c-figueirense-fica-a-detalhes-de-anunciar-lateral-da-serie-a-e-pode-ganhar-volta-de-garre\/","chapeu":"BEM PERTO","data":"24\/08\/2021","imagem":"https:\/\/images.futebolinterior.com.br\/2021\/08\/Garre-300x197.jpg","resumo":"Capit\u00e3o do Juventude nas \u00faltimas duas temporadas, ele participou dos acessos nas S\u00e9ries C e B do Brasileir\u00e3o"},"1457604":{"titulo":"S\u00e9rie C: T\u00e9cnico do Volta Redonda avalia empate em duelo direto e prepara equipe para 'torneio alternativo'","link":"https:\/\/www.futebolinterior.com.br\/serie-c-tecnico-do-volta-redonda-avalia-empate-em-duelo-direto-e-prepara-equipe-para-torneio-alternativo\/","chapeu":"VAI QUE VAI","data":"24\/08\/2021","imagem":"https:\/\/images.futebolinterior.com.br\/2021\/08\/IMG-20210709-WA0034-750x330-1-300x132.jpg","resumo":""},"1457581":{"titulo":"J\u00e1 t\u00e1 voltando? Time da S\u00e9rie C cogita retorno de t\u00e9cnico que deixou o cargo h\u00e1 menos de um m\u00eas","link":"https:\/\/www.futebolinterior.com.br\/ja-ta-voltando-time-da-serie-c-cogita-retorno-de-tecnico-que-deixou-o-cargo-ha-menos-de-um-mes\/","chapeu":"MAS, J\u00c1?","data":"24\/08\/2021","imagem":"https:\/\/images.futebolinterior.com.br\/2021\/08\/E7tVYOXXoAkd5nt-1-300x200.jpg","resumo":""}}