{"1468367":{"titulo":"S\u00e9rie C: Nada seria poss\u00edvel no Novorizontino-SP sem o trabalho coletivo","link":"https:\/\/www.futebolinterior.com.br\/serie-c-nada-seria-possivel-no-novorizontino-sp-sem-o-trabalho-coletivo\/","chapeu":"UNI\u00c3O FAZ A FOR\u00c7A","data":"07\/09\/2021","imagem":"https:\/\/images.futebolinterior.com.br\/2021\/09\/GRUPO-300x225.jpg","resumo":"Elenco valoriza o empenho de todos os jogadores em busca da classifica\u00e7\u00e3o"},"1468302":{"titulo":"S\u00e9rie C: Botafogo-SP e o pesadelo das bolas paradas","link":"https:\/\/www.futebolinterior.com.br\/serie-c-botafogo-sp-e-o-pesadelo-das-bolas-paradas\/","chapeu":"BOLA PARADA","data":"07\/09\/2021","imagem":"https:\/\/images.futebolinterior.com.br\/2021\/09\/Botafogo-Argel-Fuchs-Serie-C-2-300x168.jpg","resumo":"Pantera sofreu oito dos 20 gols em cobran\u00e7as de falta ou escanteio"},"1468239":{"titulo":"S\u00e9rie C: Comandante culpa a arbitragem por Santa Cruz-PE estar na lanterna","link":"https:\/\/www.futebolinterior.com.br\/serie-c-comandante-culpa-a-arbitragem-por-santa-cruz-pe-estar-na-lanterna\/","chapeu":"GRA\u00c7AS \u00c0 ARBITRAGEM","data":"07\/09\/2021","imagem":"https:\/\/images.futebolinterior.com.br\/2021\/09\/Santa-Cruz-Roberto-Fernandes-Serie-C-300x200.png","resumo":"Roberto Fernandes voltou a reclamar dos erros no apito"},"1468186":{"titulo":"S\u00e9rie C: Treinador valoriza trabalho mental e conjunto em recupera\u00e7\u00e3o do Manaus-AM","link":"https:\/\/www.futebolinterior.com.br\/serie-c-treinador-valoriza-trabalho-mental-e-conjunto-em-recuperacao-do-manaus-am\/","chapeu":"TRABALHO COLETIVO","data":"07\/09\/2021","imagem":"https:\/\/images.futebolinterior.com.br\/2021\/09\/Manaus-Evaristo-Piza-Serie-C-300x200.jpg","resumo":"Gavi\u00e3o assumiu a lideran\u00e7a do Grupo A"},"1468182":{"titulo":"S\u00e9rie C: Com dois jogos em casa, Crici\u00fama aposta no 100% como mandante para se classificar","link":"https:\/\/www.futebolinterior.com.br\/serie-c-com-dois-jogos-em-casa-criciuma-aposta-no-100-como-mandante-para-se-classificar\/","chapeu":"FORTE!","data":"07\/09\/2021","imagem":"https:\/\/images.futebolinterior.com.br\/2021\/09\/CrixNovo_CelsodaLuz_01_ori-300x200.jpg","resumo":"Crici\u00fama \u00e9 o \u00fanico, entre os 20 clubes da divis\u00e3o, que ostenta 100% como mandante"},"1468089":{"titulo":"S\u00e9rie C: T\u00e9cnico do Botafogo-PB ressalta import\u00e2ncia do duelo contra o l\u00edder para voltar ao G4","link":"https:\/\/www.futebolinterior.com.br\/serie-c-tecnico-do-botafogo-pb-fala-da-importancia-do-duelo-contra-o-lider-para-voltar-ao-g4\/","chapeu":"RUMO AO G4","data":"07\/09\/2021","imagem":"https:\/\/images.futebolinterior.com.br\/2021\/09\/15645-300x168.jpg","resumo":"Vit\u00f3ria contra o Manaus-AM leva a equipe de volta aos quatro primeiros lugares"},"1468149":{"titulo":"S\u00e9rie C: Mazola J\u00fanior n\u00e3o se empolga, apesar da classifica\u00e7\u00e3o encaminhada pelo Ituano-SP","link":"https:\/\/www.futebolinterior.com.br\/serie-c-mazola-junior-nao-se-empolga-apesar-da-classificacao-encaminhada-pelo-ituano-sp\/","chapeu":"P\u00c9S NO CH\u00c3O","data":"07\/09\/2021","imagem":"https:\/\/images.futebolinterior.com.br\/2021\/09\/Ituano-Mazola-Junior-Serie-C-300x200.jpeg","resumo":"Galo precisa de apenas um ponto em tr\u00eas rodadas"},"1468129":{"titulo":"S\u00e9rie C: Diretoria do Paran\u00e1 promete pagar parte dos sal\u00e1rios atrasados","link":"https:\/\/www.futebolinterior.com.br\/serie-c-diretoria-do-parana-promete-pagar-parte-dos-salarios-atrasados\/","chapeu":"AGORA VAI?","data":"07\/09\/2021","imagem":"https:\/\/images.futebolinterior.com.br\/2021\/09\/treino0125-300x171.jpg","resumo":""},"1468107":{"titulo":"S\u00e9rie C: Mudan\u00e7as garantem vit\u00f3ria do Paysandu-PA na \u00faltima rodada","link":"https:\/\/www.futebolinterior.com.br\/serie-c-mudancas-garantem-vitoria-do-paysandu-pa-na-ultima-rodada\/","chapeu":"SEMPRE BEM-VINDAS","data":"07\/09\/2021","imagem":"https:\/\/images.futebolinterior.com.br\/2021\/09\/Paysandu-Serie-C-Roberto-Fonseca-300x210.jpg","resumo":"Pap\u00e3o teve tr\u00eas altera\u00e7\u00f5es entre os 11 iniciais"},"1467848":{"titulo":"S\u00e9rie C: Jorginho evita jogar a toalha mesmo ap\u00f3s nova derrota do Figueirense: \"Vamos correr atr\u00e1s\"","link":"https:\/\/www.futebolinterior.com.br\/serie-c-jorginho-evita-jogar-a-toalha-mesmo-apos-nova-derrota-do-figueirense-vamos-correr-atras\/","chapeu":"AT\u00c9 QUANDO?","data":"07\/09\/2021","imagem":"https:\/\/images.futebolinterior.com.br\/2021\/09\/Figueira_Patrick-Floriani_03_ori-300x196.jpg","resumo":"Figueirense ocupa a sexta coloca\u00e7\u00e3o com 20 pontos, enquanto o Crici\u00fama fecha o G4 com 26"}}