{"1073333":{"titulo":"S\u00e9rie C: Capit\u00e3o do Crici\u00fama-SC quer apagar problemas para pr\u00f3ximo duelo","link":"https:\/\/www.futebolinterior.com.br\/serie-c-capitao-do-criciuma-sc-quer-apagar-problemas-para-proximo-duelo\/","chapeu":"ESQUECE","data":"02\/08\/2021","imagem":"https:\/\/images.futebolinterior.com.br\/2021\/08\/criciuma-300x200.jpg","resumo":"Tigre enfrenta o Ituano-SP com longo tabu para encerrar e defesa em baixa"},"1073303":{"titulo":"Fim da novela! Time da S\u00e9rie C enfim confirma sa\u00edda de lateral ex-Gr\u00eamio e Ponte Preta","link":"https:\/\/www.futebolinterior.com.br\/fim-da-novela-time-da-serie-c-enfim-confirma-saida-de-lateral-ex-gremio-e-ponte-preta\/","chapeu":"INDO EMBORA","data":"02\/08\/2021","imagem":"https:\/\/images.futebolinterior.com.br\/2021\/08\/Bruno-Collaco-Paysandu-300x200.jpg","resumo":""},"1073302":{"titulo":"S\u00e9rie C: Meio-campista alcan\u00e7a marca hist\u00f3rica no Manaus-AM e empolga: 'Rumo aos 100'","link":"https:\/\/www.futebolinterior.com.br\/serie-c-meio-campista-alcanca-marca-historica-no-manaus-am-com-duas-assistencias-e-empolga-rumo-aos-100\/","chapeu":"HIST\u00d3RICA","data":"02\/08\/2021","imagem":"https:\/\/images.futebolinterior.com.br\/2021\/08\/gabreil-e1627941295186-300x220.jpg","resumo":"Gabriel Davis completou 60 jogos com a camisa do Gavi\u00e3o do Norte"},"1073239":{"titulo":"S\u00e9rie C: Treinador \u00e9 apresentado no Altos-PI e quer implementar 'um futebol bonito, ofensivo'","link":"https:\/\/www.futebolinterior.com.br\/serie-c-treinador-e-apresentado-no-altos-pi-e-indica-um-futebol-bonito-ofensivo\/","chapeu":"FUTEBOL BONITO","data":"02\/08\/2021","imagem":"https:\/\/images.futebolinterior.com.br\/2021\/08\/altos-300x266.jpeg","resumo":"Processo de demiss\u00e3o, contrata\u00e7\u00e3o e apresenta\u00e7\u00e3o durou menos de 24 horas"},"1073213":{"titulo":"Dirigentes aceitam comandar CBF, mas Justi\u00e7a determina por suspender interven\u00e7\u00e3o","link":"https:\/\/www.futebolinterior.com.br\/dirigentes-aceitam-comandar-cbf-mas-justica-determina-por-suspender-intervencao\/","chapeu":"ANULOU","data":"02\/08\/2021","imagem":"https:\/\/images.futebolinterior.com.br\/2021\/08\/20180514104003_0-300x200.jpeg","resumo":""},"1073154":{"titulo":"S\u00e9rie C: Comandante do Botafogo-SP reconhece partida abaixo na derrota para o S\u00e3o Jos\u00e9-RS","link":"https:\/\/www.futebolinterior.com.br\/serie-c-comandante-do-botafogo-sp-reconhece-partida-abaixo-na-derrota-para-o-sao-jose-rs\/","chapeu":"SABER PERDER","data":"02\/08\/2021","imagem":"https:\/\/images.futebolinterior.com.br\/2021\/08\/botafogo-300x200.jpg","resumo":"Pantera perdeu por 4 a 2 para o Zequinha no \u00faltimo domingo"},"1073113":{"titulo":"S\u00e9rie C: T\u00e9cnico do Novorizontino-SP desaprova desempenho na derrota: 'N\u00e3o fizemos um bom jogo'","link":"https:\/\/www.futebolinterior.com.br\/serie-c-tecnico-do-novorizontino-sp-desaprova-desempenho-na-derrota-nao-fizemos-um-bom-jogo\/","chapeu":"DESEMPENHO ABAIXO","data":"02\/08\/2021","imagem":"https:\/\/images.futebolinterior.com.br\/2021\/08\/novorizontino-e1627931855744-300x280.jpg","resumo":"Time poderia assumir a lideran\u00e7a isolada no Grupo B"},"1073067":{"titulo":"S\u00e9rie C: Novo treinador do Manaus-AM ressalta vit\u00f3ria na estreia: 'Grupo comprometido'","link":"https:\/\/www.futebolinterior.com.br\/serie-c-novo-treinador-do-manaus-am-ressalta-vitoria-na-estreia-grupo-comprometido\/","chapeu":"BOA ESTREIA","data":"02\/08\/2021","imagem":"https:\/\/images.futebolinterior.com.br\/2021\/08\/manaus-300x200.jpg","resumo":"Time venceu o Santa Cruz-PE por 2 a 1 no \u00faltimo domingo (29)"},"1073029":{"titulo":"S\u00e9rie C: Altos-PI anuncia retorno de treinador bicampe\u00e3o piauiense","link":"https:\/\/www.futebolinterior.com.br\/serie-c-altos-pi-anuncia-retorno-de-treinador-bicampeao-piauiense\/","chapeu":"RETORNO","data":"02\/08\/2021","imagem":"https:\/\/images.futebolinterior.com.br\/2021\/08\/koba-294x300.jpg","resumo":"Comandante conquistou o estadual em 2017 e 2018"},"1072926":{"titulo":"Exclusivo! S\u00e9rie C: Ap\u00f3s derrota, Altos acerta sa\u00edda do t\u00e9cnico Marcelo Vilar","link":"https:\/\/www.futebolinterior.com.br\/exclusivo-serie-c-apos-derrota-altos-acerta-saida-do-tecnico-marcelo-vilar\/","chapeu":"MUDAN\u00c7A!","data":"02\/08\/2021","imagem":"https:\/\/images.futebolinterior.com.br\/2021\/08\/vilar-300x160.jpg","resumo":""}}