{"1074009":{"titulo":"Ituano-SP x Crici\u00fama-SC - Em jogo atrasado, Galo e Tigre fazem duelo direto pelo G4 da S\u00e9rie C","link":"https:\/\/www.futebolinterior.com.br\/ituano-sp-x-criciuma-sc-em-jogo-atrasado-galo-e-tigre-fazem-duelo-direto-pelo-g4-da-serie-c\/","chapeu":"PROMETE","data":"03\/08\/2021","imagem":"https:\/\/images.futebolinterior.com.br\/2021\/08\/728x373-300x154.jpg","resumo":""},"1073930":{"titulo":"S\u00e9rie C: Lateral ex-Ponte Preta acerta com vice-l\u00edder do Grupo B","link":"https:\/\/www.futebolinterior.com.br\/serie-c-lateral-ex-ponte-preta-acerta-com-vice-lider-do-grupo-b\/","chapeu":"CARA NOVA","data":"03\/08\/2021","imagem":"https:\/\/images.futebolinterior.com.br\/2021\/08\/Macaca-300x201.jpg","resumo":"Jogador passou pela Macaca em 2020 e deixou um gol na conta"},"1073907":{"titulo":"S\u00e9rie C: Jo\u00e3o Brigatti fala sobre Oeste-SP: 'N\u00e3o pode estar nesta situa\u00e7\u00e3o'","link":"https:\/\/www.futebolinterior.com.br\/serie-c-joao-brigatti-fala-sobre-oeste-sp-nao-pode-estar-nesta-situacao\/","chapeu":"M\u00c1 FASE","data":"03\/08\/2021","imagem":"https:\/\/images.futebolinterior.com.br\/2021\/08\/oeste-3-300x176.jpg","resumo":"Time \u00e9 o lanterna do Grupo B com apenas tr\u00eas pontos"},"1073908":{"titulo":"S\u00e9rie C: Na lideran\u00e7a do Grupo A, Volta Redonda encaminha chegada de mais dois refor\u00e7os","link":"https:\/\/www.futebolinterior.com.br\/serie-c-na-lideranca-do-grupo-a-volta-redonda-encaminha-chegada-de-mais-dois-reforcos\/","chapeu":"MERCADO","data":"03\/08\/2021","imagem":"https:\/\/images.futebolinterior.com.br\/2021\/08\/RAFAEL-TANQUE-COMERCIAL-scaled-1-300x200.jpg","resumo":""},"1073887":{"titulo":"S\u00e9rie C: Volante do Mirassol comemora vit\u00f3ria no in\u00edcio do returno: 'Chegamos fortalecidos'","link":"https:\/\/www.futebolinterior.com.br\/serie-c-volante-do-mirassol-comemora-vitoria-no-inicio-do-returno-chegamos-fortalecidos\/","chapeu":"FORTALECIDOS","data":"03\/08\/2021","imagem":"https:\/\/images.futebolinterior.com.br\/2021\/08\/sousa-300x212.jpg","resumo":"Time bateu o Oeste por 2 a 1 no \u00faltimo s\u00e1bado"},"1073715":{"titulo":"S\u00e9rie C: J\u00e1 focado na pr\u00f3xima fase, Ypiranga-RS fecha contrata\u00e7\u00e3o de zagueiro colombiano","link":"https:\/\/www.futebolinterior.com.br\/serie-c-ja-focado-na-proxima-fase-ypiranga-rs-fecha-contratacao-de-zagueiro-colombiano\/","chapeu":"T\u00c1 CHEGANDO","data":"03\/08\/2021","imagem":"https:\/\/images.futebolinterior.com.br\/2021\/08\/5eecf67992d8c-3-300x183.jpeg","resumo":""},"1073483":{"titulo":"Time da S\u00e9rie C exige multa para liberar t\u00e9cnico \u00e0 Chapecoense","link":"https:\/\/www.futebolinterior.com.br\/time-da-serie-c-exige-multa-para-liberar-tecnico-a-chapecoense\/","chapeu":"INTERESSE","data":"02\/08\/2021","imagem":"https:\/\/images.futebolinterior.com.br\/2021\/08\/Argel-300x200.jpg","resumo":""},"1073431":{"titulo":"Paran\u00e1-PR 1 x 1 Ypiranga-RS - Canarinho sai na frente, mas leva empate no fim e perde a chance de se isolar ainda mais na S\u00e9rie C","link":"https:\/\/www.futebolinterior.com.br\/parana-pr-1-x-1-ypiranga-rs-canarinho-sai-na-frente-mas-leva-empate-no-fim-e-perde-a-chance-de-se-isolar-ainda-mais-na-serie-c\/","chapeu":"MANDOU BEM","data":"02\/08\/2021","imagem":"https:\/\/images.futebolinterior.com.br\/2021\/08\/E707oJVX0AYJHaV-1-300x300.jpg","resumo":""},"1073388":{"titulo":"Com direito a volante 'com medo' de agulha, elencos do Paysandu e Remo s\u00e3o vacinados contra Covid-19","link":"https:\/\/www.futebolinterior.com.br\/com-direito-a-volante-com-medo-de-agulha-elencos-do-paysandu-e-remo-sao-vacinados-contra-covid-19\/","chapeu":"A\u00cd SIM","data":"02\/08\/2021","imagem":"https:\/\/images.futebolinterior.com.br\/2021\/08\/E70AnOHWEAEBYHk-300x200.jpg","resumo":""},"1073353":{"titulo":"S\u00e9rie C: Joia de 17 anos est\u00e1 prestes a se recuperar para fortalecer Botafogo-SP","link":"https:\/\/www.futebolinterior.com.br\/serie-c-joia-de-17-anos-esta-prestes-a-se-recuperar-para-fortalecer-o-botafogo-sp\/","chapeu":"RECUPERA\u00c7\u00c3O","data":"02\/08\/2021","imagem":"https:\/\/images.futebolinterior.com.br\/2021\/08\/dudu-300x168.jpg","resumo":"Atacante passou por cirurgia em abril"}}