{"1076129":{"titulo":"S\u00e9rie C: Volante 'longevo' fala sobre Paysandu-PA: 'Responsabilidade do acesso'","link":"https:\/\/www.futebolinterior.com.br\/serie-c-volante-longevo-fala-sobre-paysandu-pa-responsabilidade-do-acesso\/","chapeu":"BATEU NO PEITO","data":"05\/08\/2021","imagem":"https:\/\/images.futebolinterior.com.br\/2021\/08\/paysandu-300x227.jpg","resumo":"Jogador tem 120 partidas com a camisa bicolor"},"1076105":{"titulo":"S\u00e9rie C: Ituano-SP busca fechar sequ\u00eancia complicada pr\u00f3ximo da classifica\u00e7\u00e3o \u00e0 segunda fase","link":"https:\/\/www.futebolinterior.com.br\/serie-c-ituano-sp-busca-fechar-sequencia-complicada-proximo-da-classificacao-a-proxima-fase\/","chapeu":"NADA MAL","data":"05\/08\/2021","imagem":"https:\/\/images.futebolinterior.com.br\/2021\/08\/ituano-300x200.jpg","resumo":"Time enfrenta o vice-l\u00edder Novorizontino-SP \u00e0s 17 horas, no Jorge Ismael de Biasi"},"1075881":{"titulo":"Paulo Baier fala em \"mudar conceitos\" como visitante e aposta no fator casa para recuperar o Crici\u00fama","link":"https:\/\/www.futebolinterior.com.br\/paulo-baier-fala-em-mudar-conceitos-como-visitante-e-aposta-no-fator-casa-para-recuperar-o-criciuma\/","chapeu":"\u00c9 PRECISO!","data":"05\/08\/2021","imagem":"https:\/\/images.futebolinterior.com.br\/2021\/08\/Cri_CelsodaLuz_05_ori-300x200.jpg","resumo":"Crici\u00fama tem tr\u00eas derrotas e dois empates como visitante na S\u00e9rie C"},"1075234":{"titulo":"S\u00e9rie B: Brasil de Pelotas contrata lateral de time da S\u00e9rie C","link":"https:\/\/www.futebolinterior.com.br\/serie-b-brasil-de-pelotas-contrata-lateral-de-time-da-serie-c\/","chapeu":"NOVIDADE","data":"04\/08\/2021","imagem":"https:\/\/images.futebolinterior.com.br\/2021\/08\/Oliveira-300x240.png","resumo":""},"1075228":{"titulo":"S\u00e9rie C: Novorizontino-SP confia na mentalidade forte e semana de trabalho para se manter no topo","link":"https:\/\/www.futebolinterior.com.br\/serie-c-novorizontino-sp-confia-na-mentalidade-forte-e-semana-de-trabalho-para-se-manter-no-topo\/","chapeu":"MENTALIDADE","data":"04\/08\/2021","imagem":"https:\/\/images.futebolinterior.com.br\/2021\/08\/TREINO03-300x225.jpg","resumo":"Time \u00e9 o vice-l\u00edder com 19 pontos atr\u00e1s apenas do Ypiranga-RS que tem 20"},"1075216":{"titulo":"S\u00e9rie C: Novo treinador do Manaus-AM mostra que tem conhecimento de sobra","link":"https:\/\/www.futebolinterior.com.br\/serie-c-novo-treinador-do-manaus-am-mostra-que-tem-conhecimento-de-sobra\/","chapeu":"SABE O QUE FALA","data":"04\/08\/2021","imagem":"https:\/\/images.futebolinterior.com.br\/2021\/08\/manaus-1-300x200.jpg","resumo":"Comandante estreou com vit\u00f3ria sobre o Santa Cruz-PE por 2 a 1"},"1075167":{"titulo":"S\u00e9rie C: Ex-Palmeiras busca volta por cima no Botafogo-SP","link":"https:\/\/www.futebolinterior.com.br\/serie-c-ex-palmeiras-perdeu-espaco-mas-quer-dar-a-volta-por-cima-no-botafogo-sp\/","chapeu":"T\u00c1 DEVENDO","data":"04\/08\/2021","imagem":"https:\/\/images.futebolinterior.com.br\/2021\/08\/rafael-marques-300x199.jpg","resumo":"Atacante n\u00e3o marcou com a camisa do Pantera"},"1074665":{"titulo":"Armada no 4-3-3, Sele\u00e7\u00e3o FI da 10\u00aa rodada da S\u00e9rie C tem zagueiro ex-Ponte e t\u00e9cnico que estreou com vit\u00f3ria","link":"https:\/\/www.futebolinterior.com.br\/armada-no-4-3-3-selecao-fi-da-10a-rodada-da-serie-c-tem-zagueiro-ex-ponte-e-tecnico-que-estreou-com-vitoria\/","chapeu":"OS MELHORES","data":"04\/08\/2021","imagem":"https:\/\/images.futebolinterior.com.br\/2021\/08\/20210731203829_932-e1628096611533-300x223.jpeg","resumo":""},"1075075":{"titulo":"Ituano-SP 3 x 0 Crici\u00fama-SC - Galo de Itu vence duelo direto e assume 3\u00ba lugar no Grupo B","link":"https:\/\/www.futebolinterior.com.br\/ituano-sp-3-x-0-criciuma-sc-galo-de-itu-vence-duelo-direto-e-assume-3o-lugar-no-grupo-b\/","chapeu":"QUE VIT\u00d3RIA!","data":"04\/08\/2021","imagem":"https:\/\/images.futebolinterior.com.br\/2021\/08\/229529065_4213089115405464_6973182780700839150_n-300x200.jpg","resumo":""},"1075019":{"titulo":"S\u00e9rie C: Figueirense contrata volante veterano com passagens por Ponte Preta e Athletico","link":"https:\/\/www.futebolinterior.com.br\/serie-c-figueirense-contrata-volante-veterano-com-passagens-por-ponte-preta-e-athletico\/","chapeu":"REFOR\u00c7O","data":"04\/08\/2021","imagem":"https:\/\/images.futebolinterior.com.br\/2021\/08\/JPO-300x169.png","resumo":""}}