{"1076711":{"titulo":"S\u00e9rie C: Presidente do Santa Cruz cobra empenho dos jogadores e revela \"bicho\" por vit\u00f3ria","link":"https:\/\/www.futebolinterior.com.br\/serie-c-presidente-do-santa-cruz-cobra-empenho-dos-jogadores-e-revela-bicho-por-vitoria\/","chapeu":"EM CRISE!","data":"06\/08\/2021","imagem":"https:\/\/images.futebolinterior.com.br\/2021\/08\/SantaC_Rodrigo-Baltar_01_ori-300x198.jpg","resumo":"Santa Cruz n\u00e3o vence desde 28 de abril, quando bateu o Retr\u00f4 por 3 a 2 pela primeira fase do Campeonato Pernambucano"},"1076491":{"titulo":"S\u00e9rie C: Refor\u00e7o \u00e9 a nova esperan\u00e7a do Santa Cruz-PE","link":"https:\/\/www.futebolinterior.com.br\/serie-c-reforco-e-a-nova-esperanca-do-santa-cruz-pe\/","chapeu":"ESPERAN\u00c7A","data":"05\/08\/2021","imagem":"https:\/\/images.futebolinterior.com.br\/2021\/08\/santa-cruz-300x200.jpg","resumo":"Jogador ainda n\u00e3o estreou, apesar da contrata\u00e7\u00e3o ser finalizada em julho"},"1076480":{"titulo":"Altos-PI x Ferrovi\u00e1rio-CE - Focado em voltar a vencer, Ferr\u00e3o visita Jacar\u00e9 e mira a lideran\u00e7a provis\u00f3ria da S\u00e9rie C","link":"https:\/\/www.futebolinterior.com.br\/altos-pi-x-ferroviario-ce-focado-em-voltar-a-vencer-ferrao-visita-jacare-e-mira-a-lideranca-provisoria-da-serie-c\/","chapeu":"JOG\u00c3O","data":"05\/08\/2021","imagem":"https:\/\/images.futebolinterior.com.br\/2021\/08\/Screenshot-2021-08-05-at-20-26-12-Ferroviario-1-x-0-Altos-assista-aos-melhores-momentos-do-jogo-da-2a-rodada-da-Serie-C-300x200.png","resumo":""},"1076435":{"titulo":"S\u00e9rie C: Novorizontino-SP recebe visita de patrocinador","link":"https:\/\/www.futebolinterior.com.br\/serie-c-novorizontino-sp-recebe-visita-de-patrocinador\/","chapeu":"VISITA","data":"05\/08\/2021","imagem":"https:\/\/images.futebolinterior.com.br\/2021\/08\/VISITASANTAISABEL-300x197.jpg","resumo":"Representantes do A\u00e7\u00facar Santa Isabel gostaram do que viu"},"1076340":{"titulo":"S\u00e9rie C: Figueirense anuncia sa\u00edda de atacante ex-Ponte Preta e zagueiro ex-Flu","link":"https:\/\/www.futebolinterior.com.br\/serie-c-figueirense-anuncia-saida-de-atacante-ex-ponte-preta-e-zagueiro-ex-flu\/","chapeu":"DE SA\u00cdDA","data":"05\/08\/2021","imagem":"https:\/\/images.futebolinterior.com.br\/2021\/08\/Sem-titulo-9-640x480-1-300x225.png","resumo":""},"1076315":{"titulo":"S\u00e9rie C: Paysandu-PA anuncia lateral que estava na S\u00e9rie B","link":"https:\/\/www.futebolinterior.com.br\/serie-c-paysandu-pa-anuncia-lateral-que-estava-na-serie-b\/","chapeu":"REFOR\u00c7O","data":"05\/08\/2021","imagem":"https:\/\/images.futebolinterior.com.br\/2021\/08\/paysandu-a-e1628199068244-300x231.jpg","resumo":"Leandro Silva jogou 15 partidas pelo Confian\u00e7a na atual temporada"},"1076242":{"titulo":"S\u00e9rie C: Manaus-AM corre contra o tempo para recuperar goleiro titular","link":"https:\/\/www.futebolinterior.com.br\/serie-c-manaus-am-corre-contra-o-tempo-para-recuperar-goleiro-titular\/","chapeu":"PROBLEMAS","data":"05\/08\/2021","imagem":"https:\/\/images.futebolinterior.com.br\/2021\/08\/manaus-2-300x200.jpg","resumo":"Arqueiro n\u00e3o participou do \u00faltimo jogo contra o Santa Cruz por conta de uma les\u00e3o na lombar"},"1076196":{"titulo":"S\u00e9rie C: Novo treinador do Jacuipense-BA \u00e9 cauteloso: 'Primeiro temos que sair'","link":"https:\/\/www.futebolinterior.com.br\/serie-c-novo-treinador-do-jacuipense-ba-e-cauteloso-primeiro-temos-que-sair\/","chapeu":"SEM PRESSA","data":"05\/08\/2021","imagem":"https:\/\/images.futebolinterior.com.br\/2021\/08\/jacuipa-300x300.jpg","resumo":"Time est\u00e1 na zona de rebaixamento, em nono lugar do Grupo A, com 10 pontos"},"1076184":{"titulo":"S\u00e9rie C: Atacante do Ferrovi\u00e1rio-CE v\u00ea chance de ouro para acabar com seca de gols: 'Minha casa'","link":"https:\/\/www.futebolinterior.com.br\/serie-c-atacante-do-ferroviario-ce-ve-chance-de-ouro-para-acabar-com-seca-de-gols-minha-casa\/","chapeu":"SAI ZIKA","data":"05\/08\/2021","imagem":"https:\/\/images.futebolinterior.com.br\/2021\/08\/ferroviario-e1628192987638-300x204.jpg","resumo":"Augusto n\u00e3o balan\u00e7a as redes h\u00e1 quase quatro meses"},"1076167":{"titulo":"S\u00e9rie C: Capit\u00e3o 'calado' do Botafogo-SP confia na lideran\u00e7a do elenco: 'Cada jogador tem de ter esse esp\u00edrito'","link":"https:\/\/www.futebolinterior.com.br\/serie-c-capitao-calado-do-botafogo-sp-confia-na-lideranca-do-elenco-cada-jogador-tem-de-ter-esse-espirito\/","chapeu":"CAPIT\u00c3O 'CALADO'","data":"05\/08\/2021","imagem":"https:\/\/images.futebolinterior.com.br\/2021\/08\/botafogo-2-300x200.jpg","resumo":"Neto Pessoa foi escolhido por Argel Fuchs para herdar a bra\u00e7adeira"}}