{"1921547":{"titulo":"Figueirense se reapresenta com retornos, d\u00favida e desfalque certo para voltar a ficar isolado na Copa SC","link":"https:\/\/www.futebolinterior.com.br\/figueirense-se-reapresenta-com-retornos-duvida-e-desfalque-certo-para-voltar-a-ficar-isolado-na-copa-sc\/","chapeu":"PREPARA\u00c7\u00c3O","data":"03\/10\/2023","imagem":"https:\/\/images.futebolinterior.com.br\/2023\/10\/Figueirense-Copa-SC-300x200.jpg","resumo":"J\u00e1 o meia Barba, com desconforto muscular, \u00e9 d\u00favida. O jogador ser\u00e1 avaliado diariamente no decorrer da semana"},"1921492":{"titulo":"S\u00e9rie B: Com promo\u00e7\u00e3o de ingressos, Chapecoense ter\u00e1 volta de volante em duelo contra o lanterna","link":"https:\/\/www.futebolinterior.com.br\/serie-b-com-promocao-de-ingressos-chapecoense-tera-volta-de-volante-em-duelo-contra-o-lanterna\/","chapeu":"COM TUDO","data":"03\/10\/2023","imagem":"https:\/\/images.futebolinterior.com.br\/2023\/10\/Chapecoense-Serie-B-300x200.jpg","resumo":"Por outro lado, o atacante Alisson Farias segue entregue ao Departamento M\u00e9dico em tratamento de uma les\u00e3o na panturrilha direita"},"1921421":{"titulo":"S\u00e9rie B: T\u00e9cnico do Vila Nova, Lisca nunca perdeu do Guarani","link":"https:\/\/www.futebolinterior.com.br\/serie-b-lisca-vila-nova-guarani\/","chapeu":"TABU","data":"03\/10\/2023","imagem":"https:\/\/images.futebolinterior.com.br\/2023\/10\/lisca-guarani-300x169.jpg","resumo":"Guarani e Vila Nova se enfrentam \u00e0s 18h deste s\u00e1bado (7), em Campinas, pela 31\u00aa rodada da S\u00e9rie B do Campeonato Brasileiro"},"1921587":{"titulo":"S\u00e9rie B: Meia de 18 anos assina pr\u00e9-contrato e vai jogar no Londrina em 2024","link":"https:\/\/www.futebolinterior.com.br\/serie-b-meia-de-18-anos-assina-pre-contrato-e-vai-jogar-no-londrina-em-2024\/","chapeu":"REFOR\u00c7O!","data":"03\/10\/2023","imagem":"https:\/\/images.futebolinterior.com.br\/2023\/10\/londrina-e1696367014752-300x210.jpeg","resumo":"O v\u00ednculo do atleta com o clube vai at\u00e9 o final do Campeonato Paranaense"},"1921446":{"titulo":"S\u00e9rie B: Atacante comemora 1\u00ba gol pelo Botafogo-SP e quer vit\u00f3ria contra o Ava\u00ed","link":"https:\/\/www.futebolinterior.com.br\/serie-b-atacante-comemora-1o-gol-pelo-botafogo-sp-e-quer-vitoria-contra-o-avai\/","chapeu":"VAI QUE VAI","data":"03\/10\/2023","imagem":"https:\/\/images.futebolinterior.com.br\/2023\/10\/Edson-Carius-Botafogo-SP-300x168.jpg","resumo":"Com o empate diante do Ituano, o Botafogo ocupa a 12\u00aa coloca\u00e7\u00e3o na S\u00e9rie B, com 40 pontos"},"1921364":{"titulo":"J\u00fanior Tavares faz doa\u00e7\u00f5es para crian\u00e7as com c\u00e2ncer ap\u00f3s tumor no c\u00e9rebro","link":"https:\/\/www.futebolinterior.com.br\/junior-tavares-doacoes-no-boldrini\/","chapeu":"QUE BONITO","data":"03\/10\/2023","imagem":"https:\/\/images.futebolinterior.com.br\/2023\/10\/junor-tavares-visita-boldrini-300x179.jpg","resumo":"J\u00fanior Tavares, jogador de 27 anos n\u00e3o atua h\u00e1 quase tr\u00eas meses, e segue sem previs\u00e3o de retorno aos gramados"},"1921354":{"titulo":"S\u00e9rie B: Presidente do Crici\u00fama aumenta premia\u00e7\u00e3o em caso de acesso: 'Fator motivador'","link":"https:\/\/www.futebolinterior.com.br\/serie-b-presidente-do-criciuma-aumenta-premiacao-em-caso-de-acesso-fator-motivador\/","chapeu":"GRANINHA BOA","data":"03\/10\/2023","imagem":"https:\/\/images.futebolinterior.com.br\/2023\/10\/Criciuma-Serie-B-300x201.jpg","resumo":"Atualmente, o time carvoeiro aparece em s\u00e9timo lugar com 48 pontos, cinco a menos do que o Guarani, que fecha o G-4 com 53"},"1921333":{"titulo":"S\u00e9rie B: Guarani renova com lateral at\u00e9 dezembro de 2024","link":"https:\/\/www.futebolinterior.com.br\/serie-b-guarani-renova-com-lateral-ate-dezembro-de-2024\/","chapeu":"OPA!","data":"03\/10\/2023","imagem":"https:\/\/images.futebolinterior.com.br\/2023\/10\/guarani-300x200.webp","resumo":"O pr\u00f3ximo desafio \u00e9 um advers\u00e1rio direto na briga pelo G-4, o Vila Nova (8\u00ba) no s\u00e1bado, \u00e0s 18h, no est\u00e1dio Brinco de Ouro da Princesa"},"1921315":{"titulo":"Ex-Ponte e Inter tem les\u00e3o no joelho confirmada e n\u00e3o joga mais pelo Ava\u00ed na S\u00e9rie B","link":"https:\/\/www.futebolinterior.com.br\/ex-ponte-e-inter-tem-lesao-no-joelho-confirmada-e-nao-joga-mais-pelo-avai-na-serie-b\/","chapeu":"XI!","data":"03\/10\/2023","imagem":"https:\/\/images.futebolinterior.com.br\/2023\/10\/POTTKER-1-300x200.webp","resumo":""},"1921300":{"titulo":"S\u00e9rie B: Sampaio Corr\u00eaa volta aos trabalhos focado no Novorizontino","link":"https:\/\/www.futebolinterior.com.br\/serie-b-sampaio-correa-volta-aos-trabalhos-focado-no-novorizontino\/","chapeu":"PREPARA\u00c7\u00c3O","data":"03\/10\/2023","imagem":"https:\/\/images.futebolinterior.com.br\/2023\/10\/Screenshot_5-300x168.jpg","resumo":""}}