{"1925336":{"titulo":"'Pai do VAR', ex-\u00e1rbitro Fifa v\u00ea paradinha irregular em gol do Sport contra a Ponte Preta","link":"https:\/\/www.futebolinterior.com.br\/pai-do-var-ex-arbitro-fifa-ve-paradinha-irregular-em-gol-do-sport-contra-a-ponte-preta\/","chapeu":"AN\u00c1LISE","data":"10\/10\/2023","imagem":"https:\/\/images.futebolinterior.com.br\/2023\/10\/manoel-serapiao-300x187.jpg","resumo":""},"1925337":{"titulo":"S\u00e9rie B: Atacante da Ponte Preta \u00e9 julgado pelo STJD, n\u00e3o tem pena aumentada e pode atuar contra o Atl\u00e9tico-GO","link":"https:\/\/www.futebolinterior.com.br\/serie-b-atacante-da-ponte-preta-e-julgado-pelo-stjd-nao-tem-pena-aumentada-e-pode-atuar-contra-o-atletico-go\/","chapeu":"UFA","data":"10\/10\/2023","imagem":"https:\/\/images.futebolinterior.com.br\/2023\/10\/Jeh-Ponte-Preta-300x200.jpg","resumo":"Jeh foi denunciado no no artigo 250 do CBJD - praticar ato desleal ou hostil durante a partida -, mas foi desqualificada pelo Jur\u00eddico da Ponte Preta para o artigo 258, com advert\u00eancia e sem puni\u00e7\u00e3o adicional"},"1925305":{"titulo":"S\u00e9rie B: Vila Nova amplia mandato de presidente delator da Opera\u00e7\u00e3o Penalidade M\u00e1xima","link":"https:\/\/www.futebolinterior.com.br\/serie-b-vila-nova-amplia-mandato-de-presidente-delator-da-operacao-penalidade-maxima\/","chapeu":"MAIS 2 ANOS","data":"10\/10\/2023","imagem":"https:\/\/images.futebolinterior.com.br\/2023\/10\/hugo-jorge-300x157.jpg","resumo":"A nova regra do estatuto j\u00e1 vale para essa gest\u00e3o, de Hugo Jorge Bravo de Carvalho."},"1925294":{"titulo":"S\u00e9rie B: Baixa nos \u00faltimos dois jogos, zagueiro volta a treinar e ir\u00e1 refor\u00e7ar Ava\u00ed","link":"https:\/\/www.futebolinterior.com.br\/serie-b-baixa-nos-ultimos-dois-jogos-zagueiro-volta-a-treinar-e-ira-reforcar-avai\/","chapeu":"A\u00cd SIM","data":"10\/10\/2023","imagem":"https:\/\/images.futebolinterior.com.br\/2023\/10\/Douglas-Bacelar-Avai-300x200.jpg","resumo":"Al\u00e9m disso, o Ava\u00ed tamb\u00e9m terminou a 31\u00aa rodada com apenas 8% de chances de rebaixamento, segundo os c\u00e1lculos do Departamento de Matem\u00e1tica da Universidade Federal de Minas Gerais (UFMG)"},"1925251":{"titulo":"S\u00e9rie B: Auxiliar do Crici\u00fama mostra confian\u00e7a na busca pelo acesso e foca em vit\u00f3ria em cl\u00e1ssico","link":"https:\/\/www.futebolinterior.com.br\/serie-b-auxiliar-do-criciuma-mostra-confianca-na-busca-pelo-acesso-e-foca-em-vitoria-em-classico\/","chapeu":"COM TUDO","data":"10\/10\/2023","imagem":"https:\/\/images.futebolinterior.com.br\/2023\/10\/Criciuma-Serie-B-2-300x201.jpg","resumo":"Atualmente, o Crici\u00fama aparece em s\u00e9timo lugar com 51 pontos, tr\u00eas a menos do que o Guarani, quarto colocado com 54"},"1925234":{"titulo":"S\u00e9rie B: Chapecoense termina 31\u00aa rodada com 68% de chances de rebaixamento","link":"https:\/\/www.futebolinterior.com.br\/serie-b-chapecoense-termina-31a-rodada-com-68-de-chances-de-rebaixamento\/","chapeu":"VISH","data":"10\/10\/2023","imagem":"https:\/\/images.futebolinterior.com.br\/2023\/10\/Chapecoense-Serie-B-1-300x229.jpg","resumo":"Enquanto a Ponte Preta tem 16%, o Ituano tem 11%, o Ava\u00ed tem 8% e o Sampaio Corr\u00eaa 7%"},"1925186":{"titulo":"S\u00e9rie B: Ap\u00f3s empate, Sampaio Corr\u00eaa-MA se prepara para encarar Cear\u00e1","link":"https:\/\/www.futebolinterior.com.br\/serie-b-sampaio-correa-prepara-ceara\/","chapeu":"PREPARA\u00c7\u00c3O!","data":"10\/10\/2023","imagem":"https:\/\/images.futebolinterior.com.br\/2023\/10\/Captura-de-tela-2023-10-10-112604-300x170.png","resumo":"A semana come\u00e7ou agitada para o Sampaio Corr\u00eaa, que treinou em dois per\u00edodos no CT Jos\u00e9 Carlos Macieira, nesta segunda-feira"},"1925174":{"titulo":"S\u00e9rie B: Ponte Preta sai na bronca com arbitragem ap\u00f3s empate com o Sport","link":"https:\/\/www.futebolinterior.com.br\/serie-b-ponte-preta-sai-na-bronca-com-arbitragem-apos-empate-com-o-sport\/","chapeu":"N\u00c3O GOSTOU","data":"10\/10\/2023","imagem":"https:\/\/images.futebolinterior.com.br\/2023\/10\/brigatti-1-300x176.jpg","resumo":""},"1925086":{"titulo":"Al\u00e9m de Brigatti, Ponte Preta estreou novo auxiliar t\u00e9cnico","link":"https:\/\/www.futebolinterior.com.br\/alem-de-brigatti-ponte-preta-estreou-novo-auxiliar-tecnico\/","chapeu":"NOVIDADE","data":"10\/10\/2023","imagem":"https:\/\/images.futebolinterior.com.br\/2023\/10\/Bazilio-Amaral-Ponte-Preta-e1696911436154-300x199.jpg","resumo":"Baz\u00edlio Amaral est\u00e1 de volta ao clube pelas m\u00e3os de Jo\u00e3o Brigatti, com quem j\u00e1 trabalhou no passado, em 2020. Ele estreou em Recife"},"1925083":{"titulo":"Ponte Preta estava com a faca e queijo nas m\u00e3os, mas n\u00e3o soube sabore\u00e1-lo","link":"https:\/\/www.futebolinterior.com.br\/ponte-preta-estava-com-a-faca-e-queijo-nas-maos-mas-nao-soube-saborea-lo\/","chapeu":"BLOG DO ARI","data":"10\/10\/2023","imagem":"https:\/\/images.futebolinterior.com.br\/2023\/10\/sPORT-RAFAEL-bANDEIRA-e1696907650758-300x190.jpg","resumo":"A filosofia de jogo adotada por Jo\u00e3o Brigatti foi correta, ao optar por rigoroso esquema defensivo e velocidade nos contra-ataques."}}