{"1883621":{"titulo":"S\u00e9rie B: Umberto Louzer analisa chegada de refor\u00e7os do Guarani e lamenta empate","link":"https:\/\/www.futebolinterior.com.br\/serie-b-umberto-louzer-analisa-chegada-de-reforcos-do-guarani-e-lamenta-empate\/","chapeu":"PUTZ","data":"03\/08\/2023","imagem":"https:\/\/images.futebolinterior.com.br\/2023\/08\/Guarani-Serie-B-1-300x200.jpg","resumo":"Atualmente com 36 pontos, o Guarani \u00e9 sexto colocado da S\u00e9rie B e j\u00e1 volta a campo neste s\u00e1bado (05), \u00e0s 17h, quando visita o Ituano"},"1883536":{"titulo":"S\u00e9rie B: Mesmo ap\u00f3s mais uma virada, Pintado v\u00ea melhora na Ponte Preta e fez contas","link":"https:\/\/www.futebolinterior.com.br\/serie-b-mesmo-apos-mais-uma-virada-pintado-ve-melhora-na-ponte-preta-e-fez-contas\/","chapeu":"\u00c9 O JEITO","data":"03\/08\/2023","imagem":"https:\/\/images.futebolinterior.com.br\/2023\/08\/Pintado-Ponte-Preta-300x200.jpg","resumo":"Para o duelo, Pintado j\u00e1 sabe que n\u00e3o poder\u00e1 contar com o meia Felipinho, suspenso pelo terceiro amarelo"},"1883516":{"titulo":"S\u00e9rie B: Ap\u00f3s fim do jejum, Crici\u00fama apresenta atacantes Ne\u00edlton e Hygor","link":"https:\/\/www.futebolinterior.com.br\/serie-b-apos-fim-do-jejum-criciuma-apresenta-atacantes-neilton-e-hygor\/","chapeu":"APRESENTADOS","data":"03\/08\/2023","imagem":"https:\/\/images.futebolinterior.com.br\/2023\/08\/Criciuma-Reforcos-e1691076735849-300x274.jpg","resumo":"Atualmente, o Crici\u00fama \u00e9 quarto colocado da S\u00e9rie B com 38 pontos e volta \u00e0 campo no pr\u00f3ximo s\u00e1bado (05) em um cl\u00e1ssico contra o Ava\u00ed, fora de casa, no Est\u00e1dio da Ressacada, em Florian\u00f3polis, \u00e0s 15h30"},"1883496":{"titulo":"S\u00e9rie B: Em queda livre, Vila Nova anuncia sa\u00edda de t\u00e9cnico Claudinei Oliveira","link":"https:\/\/www.futebolinterior.com.br\/serie-b-vila-nova-anuncia-saida-de-tecnico-claudinei-oliveira\/","chapeu":"CAIU","data":"03\/08\/2023","imagem":"https:\/\/images.futebolinterior.com.br\/2023\/08\/Claudinei-Oliveira-Vila-300x200.jpg","resumo":"Agora, o auxiliar t\u00e9cnico permanente do clube, Glauber Ramos assume o comando interinamente at\u00e9 a contrata\u00e7\u00e3o de um novo treinador"},"1883476":{"titulo":"S\u00e9rie B: Mesmo ap\u00f3s negocia\u00e7\u00f5es, Guarani esbarra no fim da janela e Palacios fica no Goi\u00e1s","link":"https:\/\/www.futebolinterior.com.br\/serie-b-guarani-fim-janela-palacios\/","chapeu":"N\u00c3O DEU!","data":"03\/08\/2023","imagem":"https:\/\/images.futebolinterior.com.br\/2023\/08\/palacios-goias-300x178.jpg","resumo":"O Guarani-SP tentou o empr\u00e9stimo do meia Juli\u00e1n Palacios junto ao San Lorenzo, da Argentina, mas com pouco tempo h\u00e1bil, o jogador de 24 anos continuou no Goi\u00e1s"},"1883481":{"titulo":"S\u00e9rie B: Ava\u00ed acerta com atacante Leandro Carvalho, ex-Cear\u00e1, para sair do Z4","link":"https:\/\/www.futebolinterior.com.br\/serie-b-avai-acerta-com-atacante-leandro-carvalho-ex-ceara-para-sair-do-z4\/","chapeu":"COM TUDO","data":"03\/08\/2023","imagem":"https:\/\/images.futebolinterior.com.br\/2023\/08\/Leandro-Carvalho-Avai-300x161.png","resumo":"Atualmente, o Ava\u00ed \u00e9 o 18\u00ba colocado da S\u00e9rie B com 18 pontos"},"1883443":{"titulo":"S\u00e9rie B: Com dedo do treinador, Vit\u00f3ria retoma lideran\u00e7a","link":"https:\/\/www.futebolinterior.com.br\/serie-b-com-dedo-do-treinador-vitoria-retoma-lideranca\/","chapeu":"BOA","data":"03\/08\/2023","imagem":"https:\/\/images.futebolinterior.com.br\/2023\/08\/LEO-CONDE-TREINADOR-VITORIA-6-300x300.jpg","resumo":"Z\u00e9 Hugo e Giovanni Augusto deixaram o banco de reservas e marcaram os gols do Vit\u00f3ria diante do ABC"},"1883419":{"titulo":"S\u00e9rie B: Vit\u00f3ria perde artilheiro contra Londrina","link":"https:\/\/www.futebolinterior.com.br\/vitoria-perde-artilheiro-londrina\/","chapeu":"DESFALQUE","data":"03\/08\/2023","imagem":"https:\/\/images.futebolinterior.com.br\/2023\/06\/leo-gamalho-treino-vitoria-300x169.jpg","resumo":"Vit\u00f3ria perde pe\u00e7a de suma import\u00e2ncia no setor ofensivo, mas L\u00e9o Cond\u00e9 tem op\u00e7\u00f5es para poder substitui-lo \u00e0 altura frente ao Tubar\u00e3o"},"1883353":{"titulo":"S\u00e9rie B: Volante do Cear\u00e1 exalta empate com Guarani: \"N\u00e3o \u00e9 ruim\"","link":"https:\/\/www.futebolinterior.com.br\/volante-ceara-exalta-empate-guarani\/","chapeu":"POSITIVO","data":"03\/08\/2023","imagem":"https:\/\/images.futebolinterior.com.br\/2023\/08\/caique-goncalves-ceara-guarani-300x200.jpg","resumo":"Cear\u00e1 segue ocupando posi\u00e7\u00e3o no meio da tabela, mas conquista importante resultado fora de casa apesar de ter tr\u00eas jogos sem vencer"},"1883411":{"titulo":"Crici\u00fama s\u00f3 precisou do 1\u00ba tempo para virar em cima da Ponte Preta","link":"https:\/\/www.futebolinterior.com.br\/criciuma-so-precisou-do-1o-tempo-para-virar-em-cima-da-ponte-preta\/","chapeu":"BLOG DO ARI","data":"03\/08\/2023","imagem":"https:\/\/images.futebolinterior.com.br\/2023\/08\/IMG_0958-1-1-e1691036114774-300x222.jpg","resumo":"Foi um primeiro tempo em que a Ponte Preta n\u00e3o conseguiu se organizar ofensivamente. Apesar de sair na frente, com um 'gol dado'"}}