{"1706336":{"titulo":"S\u00e9rie B: Renato faz mist\u00e9rio na escala\u00e7\u00e3o e mostra desejo de ficar no Gr\u00eamio","link":"https:\/\/www.futebolinterior.com.br\/serie-b-renato-faz-misterio-na-escalacao-e-mostra-desejo-de-ficar-no-gremio\/","chapeu":"ELITE","data":"14\/10\/2022","imagem":"https:\/\/images.futebolinterior.com.br\/2022\/10\/GREMIO-Renato-Gaucho-300x199.jpg","resumo":"Treinador n\u00e3o deu pistas sobre a escala\u00e7\u00e3o e pediu foco total no jogo. Ao mesmo tempo, demonstrou desejo de permanecer no Gr\u00eamio em 2023"},"1706316":{"titulo":"Am\u00e9rica-MG x Fortaleza - O objetivo \u00e9 a Copa Libertadores","link":"https:\/\/www.futebolinterior.com.br\/america-mg-x-fortaleza-o-objetivo-e-a-copa-libertadores\/","chapeu":"REA\u00c7\u00c3O","data":"14\/10\/2022","imagem":"https:\/\/images.futebolinterior.com.br\/2022\/10\/fortaleza-america-mg-brasileirao-2022-01-300x187.jpg","resumo":"Com campanhas incr\u00edveis no segundo turno do Brasileir\u00e3o, Am\u00e9rica-MG e Fortaleza fazem confronto direto pela Libertadores"},"1706300":{"titulo":"S\u00e9rie B: SAF do Bahia quer investir R$ 1 bilh\u00e3o em 15 anos e participar por 90 anos","link":"https:\/\/www.futebolinterior.com.br\/serie-b-saf-do-bahia-quer-investir-r-1-bilhao-em-15-anos-e-participar-por-90-anos\/","chapeu":"PROFISSIONAL","data":"14\/10\/2022","imagem":"https:\/\/images.futebolinterior.com.br\/2022\/10\/BAHIA-SAF-300x200.jpg","resumo":"A proposta do Grupo City \u00e9 pela compra de 90% da SAF (10% permanecem com a associa\u00e7\u00e3o civil). Para isso, o fundo \u00e1rabe se compromete a aportar R$ 1 bilh\u00e3o em at\u00e9 15 anos."},"1706279":{"titulo":"S\u00e9rie B: Em campanha ao Outubro Rosa, Ponte Preta recebe 'Carreta da Mamografia'","link":"https:\/\/www.futebolinterior.com.br\/serie-b-outubro-rosa-ponte-preta\/","chapeu":"CAMPANHA!","data":"14\/10\/2022","imagem":"https:\/\/images.futebolinterior.com.br\/2022\/10\/ponto-preta-outubro-rosa-300x134.png","resumo":"A Ponte Preta, em parceria com a FPF e com o grupo Meninas de Peito, realiza a campanha \u201cMarque Esse Gol\u201d no Outubro Rosa"},"1706247":{"titulo":"Crici\u00fama x Ituano: Quem vencer vai manter sonho do acesso vivo","link":"https:\/\/www.futebolinterior.com.br\/criciuma-x-ituano-quem-vencer-vai-manter-sonho-do-acesso-vivo\/","chapeu":"BRIGA IGUAL","data":"14\/10\/2022","imagem":"https:\/\/images.futebolinterior.com.br\/2022\/10\/CRICIUMA-ITUANO-F-Miguel-Schincariol-Ituano-FC-300x207.jpg","resumo":"Duelo vai definir o futuro dos clubes na S\u00e9rie B. O Ituano est\u00e1 com 51 pontos e o Crici\u00fama com 49 pontos, ambos querem passar o Vasco, com 55 pontos"},"1706267":{"titulo":"S\u00c9RIE B: Ituano e Crici\u00fama querem encostar no Vasco da Gama","link":"https:\/\/www.futebolinterior.com.br\/serie-b-ituano-e-criciuma-querem-encostar-no-vasco-da-gama\/","chapeu":"DECISIVO","data":"14\/10\/2022","imagem":"https:\/\/images.futebolinterior.com.br\/2022\/10\/ponte-preta-ituano-serie-b-2022-300x196.jpg","resumo":"Dois jogos movimentam a 35\u00aa rodada do Campeonato Brasileiro da S\u00e9rie B neste s\u00e1bado"},"1706233":{"titulo":"S\u00e9rie B: Ponte Preta libera Wesley, ex-Santos e S\u00e3o Paulo","link":"https:\/\/www.futebolinterior.com.br\/serie-b-ponte-preta-libera-wesley-ex-santos-e-sao-paulo\/","chapeu":"TCHAU","data":"14\/10\/2022","imagem":"https:\/\/images.futebolinterior.com.br\/2022\/10\/wesley-volante-ponte-preta-01-300x199.jpg","resumo":"Fora dos planos para a pr\u00f3xima temporada, Ponte Preta libera o experiente volante Wesley"},"1706184":{"titulo":"S\u00e9rie B: Sampaio Corr\u00eaa faz planos para ter for\u00e7a total na reta final do campeonato","link":"https:\/\/www.futebolinterior.com.br\/serie-b-sampaio-correa-faz-planos-para-ter-forca-total-na-reta-final-do-campeonato\/","chapeu":"BOA!","data":"14\/10\/2022","imagem":"https:\/\/images.futebolinterior.com.br\/2022\/10\/52371740157-0cac1ef90f-k-300x200.webp","resumo":""},"1706154":{"titulo":"S\u00e9rie B: N\u00e1utico come\u00e7a a modernizar est\u00e1dio dos Aflitos e anuncia TimbuZone","link":"https:\/\/www.futebolinterior.com.br\/serie-b-nautico-comeca-a-modernizar-estadio-dos-aflitos-e-anuncia-timbuzone\/","chapeu":"INOVA\u00c7\u00c3O","data":"14\/10\/2022","imagem":"https:\/\/images.futebolinterior.com.br\/2022\/10\/NAUTICO-AFLITOS-projeto-300x162.jpg","resumo":"N\u00e1utico informou que ser\u00e1 anunciado um concurso para aristas alvirrubros pintarem espa\u00e7os de circula\u00e7\u00e3o dos Aflitos."},"1706149":{"titulo":"S\u00e9rie B: Zagueiro Donato se recorda do jogo entre Vila e Cruzeiro e crava: \"Mudamos a competitividade\"","link":"https:\/\/www.futebolinterior.com.br\/serie-b-zagueiro-donato-se-recorda-do-jogo-entre-vila-e-cruzeiro-e-crava-mudamos-a-competitividade\/","chapeu":"FATO!","data":"14\/10\/2022","imagem":"https:\/\/images.futebolinterior.com.br\/2022\/10\/donato-300x200.webp","resumo":"No primeiro turno, o Tigre, na lanterna, perdeu de 2 a 0"}}