{"1697583":{"titulo":"Trio el\u00e9trico fica preso em curva e precisa de reboque para chegar \u00e0 festa do Cruzeiro","link":"https:\/\/www.futebolinterior.com.br\/trio-eletrico-fica-preso-em-curva-e-precisa-de-reboque-para-chegar-a-festa-do-cruzeiro\/","chapeu":"QUE BELEZA","data":"29\/09\/2022","imagem":"https:\/\/images.futebolinterior.com.br\/2022\/09\/cruzeiro-trio-eletrico-300x173.jpg","resumo":""},"1697548":{"titulo":"S\u00e9rie B: Volante destaca retrospecto do Sampaio no Castel\u00e3o","link":"https:\/\/www.futebolinterior.com.br\/serie-b-volante-sampaio-castelao\/","chapeu":"BOM MANDANTE","data":"29\/09\/2022","imagem":"https:\/\/images.futebolinterior.com.br\/2022\/09\/andre-luiz-sampaio-retrospecto-castelao-gremio-300x119.png","resumo":"O Sampaio Corr\u00eaa vai receber o Gr\u00eamio no Castel\u00e3o, e o volante Andr\u00e9 Luiz se apega no bom retrospecto do time dentro de casa"},"1697532":{"titulo":"S\u00e9rie B: Ap\u00f3s um ano parado por doping, Miranda vai para Vasco e Londrina","link":"https:\/\/www.futebolinterior.com.br\/serie-b-apos-um-ano-parado-por-doping-miranda-vai-para-vasco-e-londrina\/","chapeu":"REFOR\u00c7O","data":"29\/09\/2022","imagem":"https:\/\/images.futebolinterior.com.br\/2022\/09\/Vasco-Miranda-300x183.jpg","resumo":"A \u00faltima partida que ele participou foi na derrota do Vasco por 3 a 1 contra o Ava\u00ed em setembro do ano passado, pela 23\u00aa rodada da S\u00e9rie B."},"1697539":{"titulo":"S\u00e9rie B: Meia do Crici\u00fama deixa hospital: \"Logo mais estou 100%\"","link":"https:\/\/www.futebolinterior.com.br\/serie-b-meia-do-criciuma-deixa-hospital-logo-mais-estou-100\/","chapeu":"UFA!","data":"29\/09\/2022","imagem":"https:\/\/images.futebolinterior.com.br\/2022\/09\/tony-meia-criciuma-011-300x177.jpg","resumo":"Tony deixou o hospital ap\u00f3s uma semana internado com quadro de tromboembolismo pulmonar agudo"},"1697492":{"titulo":"S\u00e9rie B: Ap\u00f3s acesso ficar distante, Juninho Valoura diz que o foco do CRB s\u00e3o os 45 pontos","link":"https:\/\/www.futebolinterior.com.br\/serie-b-apos-acesso-ficar-distante-juninho-valoura-diz-que-o-foco-do-crb-sao-os-45-pontos\/","chapeu":"JOGOU A TOALHA?","data":"29\/09\/2022","imagem":"https:\/\/images.futebolinterior.com.br\/2022\/09\/crb-valoura-300x160.jpg","resumo":"Antes figurando pr\u00f3ximo do quinto colocado, o Galo agora aparece na 11\u00aa coloca\u00e7\u00e3o com 40 pontos"},"1697480":{"titulo":"S\u00e9rie B: Grupo City entrega proposta ao Bahia; Aporte ser\u00e1 de R$ 1 bilh\u00e3o","link":"https:\/\/www.futebolinterior.com.br\/serie-b-grupo-city-entrega-proposta-ao-bahia-aporte-sera-de-r-1-bilhao\/","chapeu":"EITA!","data":"29\/09\/2022","imagem":"https:\/\/images.futebolinterior.com.br\/2022\/07\/bahia-1-300x215.jpg","resumo":""},"1697429":{"titulo":"Oper\u00e1rio-PR x Vila Nova - Briga na parte debaixo para fugir do Z4","link":"https:\/\/www.futebolinterior.com.br\/operario-pr-x-vila-nova\/","chapeu":"MISS\u00c3O!","data":"29\/09\/2022","imagem":"https:\/\/images.futebolinterior.com.br\/2022\/09\/OPERARIO-PR-Reina-F-Andre-Jonsson-OFEC-300x201.jpg","resumo":"Na luta contra o rebaixamento, Oper\u00e1rio-PR e Vila Nova se enfrentam pela 32\u00aa rodada da S\u00e9rie B do Campeonato Brasileiro"},"1697477":{"titulo":"CSA x Guarani - Confronto direto pela perman\u00eancia na S\u00e9rie B","link":"https:\/\/www.futebolinterior.com.br\/csa-guarani-brasileirao-serie-b\/","chapeu":"COMBATE","data":"29\/09\/2022","imagem":"https:\/\/images.futebolinterior.com.br\/2022\/09\/CSA-GUARANI-SERIE-B-300x198.jpg","resumo":"CSA e Guarani entram em campo com um objetivo em comum: permanecer na S\u00e9rie B"},"1697419":{"titulo":"S\u00e9rie B: Grupo City discute projeto do Bahia com o prefeito de Salvador","link":"https:\/\/www.futebolinterior.com.br\/serie-b-grupo-city-se-reune-com-prefeito-de-salvador-bahia\/","chapeu":"NOVIDADES!","data":"29\/09\/2022","imagem":"https:\/\/images.futebolinterior.com.br\/2022\/10\/49366496908_b7a7497735_o-1024x683-1-e1664908941715-300x119.jpg","resumo":""},"1697380":{"titulo":"Baleados em briga entre torcidas de Sport e N\u00e1utico apresentam quadro est\u00e1vel","link":"https:\/\/www.futebolinterior.com.br\/baleados-em-briga-torcidas-esta-estavel\/","chapeu":"VIOL\u00caNCIA","data":"29\/09\/2022","imagem":"https:\/\/images.futebolinterior.com.br\/2022\/09\/baleados-sport-nautico-300x164.jpg","resumo":"Uma briga entre torcedores de Sport e N\u00e1utico terminou com tr\u00eas pessoas baleada"}}