{"275536":{"titulo":"S\u00e9rie B: Sem baixas, t\u00e9cnico do Vila Nova n\u00e3o realiza mudan\u00e7as","link":"https:\/\/www.futebolinterior.com.br\/serie-b-sem-baixas-tecnico-do-vila-nova-nao-realiza-mudancas\/","chapeu":"VAI PERSISTIR","data":"07\/06\/2019","imagem":"https:\/\/images.futebolinterior.com.br\/2020\/11\/0002050393582_img-300x167.jpg","resumo":"Eduardo Baptista gostou da apresenta\u00e7\u00e3o do time apesar da derrota para o Londrina"},"275538":{"titulo":"S\u00e9rie B: Desfalque de meia n\u00e3o permite t\u00e9cnico do Oper\u00e1rio manter forma\u00e7\u00e3o","link":"https:\/\/www.futebolinterior.com.br\/serie-b-desfalque-de-meia-nao-permite-tecnico-do-operario-manter-formacao\/","chapeu":"QUE PENA","data":"07\/06\/2019","imagem":"https:\/\/images.futebolinterior.com.br\/2020\/11\/0002050393568_img-300x200.jpg","resumo":"Gerson Gusm\u00e3o disse que tinha a inten\u00e7\u00e3o de dar continuidade ao time que venceu o Sport na \u00faltima rodada"},"275544":{"titulo":"Eduardo Baptista foca na concentra\u00e7\u00e3o do Vila Nova e elogia Gilson Kleina","link":"https:\/\/www.futebolinterior.com.br\/eduardo-baptista-foca-na-concentracao-do-vila-nova-e-elogia-gilson-kleina\/","chapeu":"SEIS PONTOS!","data":"06\/06\/2019","imagem":"https:\/\/images.futebolinterior.com.br\/2020\/11\/0002050393530_img-300x153.jpg","resumo":"Catarinenses e goianos se enfrentar\u00e3o no pr\u00f3ximo s\u00e1bado, \u00e0s 16h30, no Est\u00e1dio Heriberto Hulse"},"275548":{"titulo":"Atl\u00e9tico-GO 1 x 0 Guarani - Ap\u00f3s falha grotesca da defesa, Bugre perde e fica na degola","link":"https:\/\/www.futebolinterior.com.br\/atletico-go-1-x-0-guarani-apos-falha-grotesca-da-defesa-bugre-perde-e-fica-na-degola\/","chapeu":"AFUNDANDO...","data":"06\/06\/2019","imagem":"https:\/\/images.futebolinterior.com.br\/2020\/11\/0002050393524_img-300x200.jpg","resumo":"O time campineiro fez mais uma partida abaixo da expectativa e aumentou a press\u00e3o em cima de Vin\u00edcius Eutr\u00f3pio"},"275546":{"titulo":"Ponte Preta x Botafogo-SP - Majestoso vai ferver com confronto direto!","link":"https:\/\/www.futebolinterior.com.br\/ponte-preta-x-botafogo-sp-majestoso-vai-ferver-com-confronto-direto\/","chapeu":"PROMETE","data":"06\/06\/2019","imagem":"https:\/\/images.futebolinterior.com.br\/2020\/11\/0002050393528_img-300x200.jpg","resumo":"Os dois times est\u00e3o no G4 da S\u00e9rie B e s\u00e3o separados por quatro pontos na tabela"},"275551":{"titulo":"S\u00e9rie B: Gilson Kleina ganha desfalque de \u00faltima para para jogo ante o Vila Nova","link":"https:\/\/www.futebolinterior.com.br\/serie-b-gilson-kleina-ganha-desfalque-de-ultima-para-para-jogo-ante-o-vila-nova\/","chapeu":"S\u00d3 DEPOIS...","data":"06\/06\/2019","imagem":"https:\/\/images.futebolinterior.com.br\/2020\/11\/0002050393520_img-300x200.jpg","resumo":"Tigre far\u00e1 confronto direto ante o Vila Nova pela 7\u00aa rodada da S\u00e9rie B do Campeonato Brasileiro no pr\u00f3ximo s\u00e1bado, \u00e0s 16h30"},"275554":{"titulo":"S\u00e9rie B: Titular absoluto admite que tem conversas para deixar o Londrina","link":"https:\/\/www.futebolinterior.com.br\/serie-b-titular-absoluto-admite-que-tem-conversas-para-deixar-o-londrina\/","chapeu":"QUE PENA","data":"06\/06\/2019","imagem":"https:\/\/images.futebolinterior.com.br\/2020\/11\/0002050393518_img-300x200.jpg","resumo":"O volante R\u00f4mulo tem negocia\u00e7\u00e3o adiantada para defender o Portimonense-POR"},"275556":{"titulo":"Osmar Loss quer desencantar fora, mas v\u00ea jogo dif\u00edcil ante o Sport pela S\u00e9rie B","link":"https:\/\/www.futebolinterior.com.br\/osmar-loss-quer-desencantar-fora-mas-ve-jogo-dificil-ante-o-sport-pela-serie-b\/","chapeu":"NADA F\u00c1CIL!","data":"06\/06\/2019","imagem":"https:\/\/images.futebolinterior.com.br\/2020\/11\/0002050393515_img-300x225.jpg","resumo":"Le\u00e3o enfrentar\u00e1 o Sport no pr\u00f3ximo s\u00e1bado, \u00e0s 20h30, na Ilha do Retiro, em Recife, pela 7\u00aa rodada"},"275559":{"titulo":"S\u00e9rie B: Brasil de Pelotas busca manter sequ\u00eancia para se distanciar do Z4","link":"https:\/\/www.futebolinterior.com.br\/serie-b-brasil-de-pelotas-busca-manter-sequencia-para-se-distanciar-do-z4\/","chapeu":"EMBALADO","data":"06\/06\/2019","imagem":"https:\/\/images.futebolinterior.com.br\/2020\/11\/0002050393508_img-300x193.jpg","resumo":"O Xavante emplacou duas vit\u00f3rias seguidas - sobre Am\u00e9rica-MG e Guarani - e deixou a lanterna do campeonato"},"336019":{"titulo":"S\u00e9rie B: Ex-Corinthians tem nome publicado no BID e refor\u00e7a a Ponte Preta","link":"https:\/\/www.futebolinterior.com.br\/serie-b-ex-corinthians-tem-nome-publicado-no-bid-e-reforca-a-ponte-preta\/","chapeu":"BOA NOT\u00cdCIA","data":"06\/06\/2019","imagem":"https:\/\/images.futebolinterior.com.br\/2021\/04\/0002050393507_img-300x199.jpg","resumo":"O meia Matheus Vargas \u00e9 o principal candidato a ficar com a vaga do lesionado Rafael Longuine"}}