{"520862":{"titulo":"S\u00e9rie B: Atl\u00e9tico-GO convoca torcida para lotar Ol\u00edmpico em confronto direto","link":"https:\/\/www.futebolinterior.com.br\/serie-b-atletico-go-convoca-torcida-para-lotar-olimpico-em-confronto-direto\/","chapeu":"APOIO","data":"05\/10\/2016","imagem":"https:\/\/images.futebolinterior.com.br\/2021\/04\/0002050200331_img-300x170.jpg","resumo":"No primeiro jogo realizado no est\u00e1dio, mais de dez mil pessoas pagaram ingressos"},"521128":{"titulo":"S\u00e9rie B: Ap\u00f3s nova derrota, Ricardinho lamenta falta de aten\u00e7\u00e3o no Tupi","link":"https:\/\/www.futebolinterior.com.br\/serie-b-apos-nova-derrota-ricardinho-lamenta-falta-de-atencao-no-tupi\/","chapeu":"DE NOVO","data":"05\/10\/2016","imagem":"https:\/\/images.futebolinterior.com.br\/2021\/04\/0002050200319_img-300x214.jpg","resumo":"Contra o Crici\u00fama, os dois gols do advers\u00e1rio foram de falhas defensivas dos mineiros"},"520882":{"titulo":"Dirigente do Cear\u00e1 afirma que n\u00e3o falar\u00e1 sobre Copa do Nordeste at\u00e9 defini\u00e7\u00e3o da CBF","link":"https:\/\/www.futebolinterior.com.br\/dirigente-do-ceara-afirma-que-nao-falara-sobre-copa-do-nordeste-ate-definicao-da-cbf\/","chapeu":"NADA A DECLARAR","data":"05\/10\/2016","imagem":"https:\/\/images.futebolinterior.com.br\/2021\/04\/0002050200316_img-300x177.jpg","resumo":"o vice-presidente do Cear\u00e1, Raimundo Pinheiro, afirmou por telefone ao Portal Futebol Interior que o Cear\u00e1 n\u00e3o comentar\u00e1 o caso sobre a vaga na Copa do Nordeste "},"521139":{"titulo":"S\u00e9rie B: Juninho diz que \"juiz meteu a m\u00e3o\" no Goi\u00e1s em Florian\u00f3polis","link":"https:\/\/www.futebolinterior.com.br\/serie-b-juninho-diz-que-juiz-meteu-a-mao-no-goias-em-florianopolis\/","chapeu":"REVOLTADO","data":"05\/10\/2016","imagem":"https:\/\/images.futebolinterior.com.br\/2021\/04\/0002050200315_img-300x219.jpg","resumo":"O Ava\u00ed abriu o placar com um gol irregular e depois teve uma confus\u00e3o envolvendo os dois times times"},"521873":{"titulo":"S\u00e9rie B: Givanildo Oliveira demonstra otimismo: \"sentimento que est\u00e1 melhorando\"","link":"https:\/\/www.futebolinterior.com.br\/serie-b-givanildo-oliveira-demonstra-otimismo-sentimento-que-esta-melhorando\/","chapeu":"INVICTO","data":"05\/10\/2016","imagem":"https:\/\/images.futebolinterior.com.br\/2021\/04\/0002050200305_img-300x225.jpg","resumo":"Em seis jogos sob o comando do experiente comandante, o Timbu teve quatro vit\u00f3rias e dois empates"},"521917":{"titulo":"S\u00e9rie B: J\u00fanior Rocha comemora perman\u00eancia do Luverdense e sonha com G4","link":"https:\/\/www.futebolinterior.com.br\/serie-b-junior-rocha-comemora-permanencia-do-luverdense-e-sonha-com-g4\/","chapeu":"S\u00d3 ALEGRIA","data":"05\/10\/2016","imagem":"https:\/\/images.futebolinterior.com.br\/2021\/04\/0002050200281_img-300x153.jpg","resumo":"A vit\u00f3ria sobre o Paran\u00e1 na \u00faltima ter\u00e7a-feira deixou o LEC virtualmente livre das chances de rebaixamento"},"520954":{"titulo":"S\u00e9rie B: Cear\u00e1 comemora fim do jejum de 11 jogo sem vit\u00f3rias","link":"https:\/\/www.futebolinterior.com.br\/serie-b-ceara-comemora-fim-do-jejum-de-11-jogo-sem-vitorias\/","chapeu":"AL\u00cdVIO","data":"05\/10\/2016","imagem":"https:\/\/images.futebolinterior.com.br\/2021\/04\/0002050200276_img.jpg","resumo":"Ap\u00f3s o apito final, os jogadores se ajoelharam no gramado do Castel\u00e3o e ergueram as m\u00e3os para o c\u00e9u"},"520949":{"titulo":"CBF divulga lista atualizada de clubes formadores, e paulistas se destacam","link":"https:\/\/www.futebolinterior.com.br\/cbf-divulga-lista-atualizada-de-clubes-formadores-e-paulistas-se-destacam\/","chapeu":"AQUI NO FI!","data":"05\/10\/2016","imagem":"https:\/\/images.futebolinterior.com.br\/2021\/04\/0002050200205_img-300x197.jpg","resumo":"As equipes, que recebem o Certificado de Clube Formador (CCF), s\u00e3o divididas em dois grupos"},"522049":{"titulo":"S\u00e9rie B: Jorginho admite que derrota do Vasco d\u00f3i e promete 'rever conceitos'","link":"https:\/\/www.futebolinterior.com.br\/serie-b-jorginho-admite-que-derrota-do-vasco-doi-e-promete-rever-conceitos\/","chapeu":"REFLEX\u00c3O! ","data":"05\/10\/2016","imagem":"https:\/\/images.futebolinterior.com.br\/2021\/04\/0002050200173_img-300x200.jpg","resumo":"Derrotado nos dois \u00faltimos jogos, o clube carioca perdeu a lideran\u00e7a da competi\u00e7\u00e3o para o Atl\u00e9tico-GO "},"521377":{"titulo":"Sele\u00e7\u00e3o da S\u00e9rie B com t\u00e9cnico do Pap\u00e3o e goleiro Avatar que 'manda nudes'","link":"https:\/\/www.futebolinterior.com.br\/selecao-da-serie-b-com-tecnico-do-papao-e-goleiro-avatar-que-manda-nudes\/","chapeu":"AI PAPAI","data":"05\/10\/2016","imagem":"https:\/\/images.futebolinterior.com.br\/2021\/04\/0002050200162_img-300x200.jpg","resumo":"Na primeira vez do Vasco distante da lideran\u00e7a do Campeonato Brasileiro da S\u00e9rie B, o G4 embolou de vez nesta 29\u00aa rodada da competi\u00e7\u00e3o"}}