{"544014":{"titulo":"S\u00e9rie B: \u00c0 pedido de Marcelo Veiga, Bragantino contrata C\u00e9sar Ga\u00facho, do Botafogo-SP","link":"https:\/\/www.futebolinterior.com.br\/serie-b-a-pedido-de-marcelo-veiga-bragantino-contrata-cesar-gaucho-do-botafogo-sp\/","chapeu":"DE VOLTA","data":"11\/07\/2016","imagem":"https:\/\/images.futebolinterior.com.br\/2021\/04\/0002050179466_img-300x169.jpg","resumo":"Os dois trabalharam juntos no ano passado, quando o Pantera conquistou o t\u00edtulo da S\u00e9rie D"},"544026":{"titulo":"S\u00e9rie B: Preocupado com desgaste, Cl\u00e1udio Tencati deve poupar jogadores no Londrina","link":"https:\/\/www.futebolinterior.com.br\/serie-b-preocupado-com-desgaste-claudio-tencati-deve-poupar-jogadores-no-londrina\/","chapeu":"COMPLICADO","data":"11\/07\/2016","imagem":"https:\/\/images.futebolinterior.com.br\/2021\/04\/0002050179459_img-300x200.jpg","resumo":"Os atacantes Itamar e J\u00f4 deixaram o jogo contra o Paysandu reclamando de cansa\u00e7o"},"544483":{"titulo":"S\u00e9rie B: Ap\u00f3s perder p\u00eanalti, Betinho sequer \u00e9 relacionado no Paysandu","link":"https:\/\/www.futebolinterior.com.br\/serie-b-apos-perder-penalti-betinho-sequer-e-relacionado-no-paysandu\/","chapeu":"PUNI\u00c7\u00c3O?","data":"11\/07\/2016","imagem":"https:\/\/images.futebolinterior.com.br\/2021\/04\/0002050179452_img-300x300.jpg","resumo":"Al\u00e9m do atacante, Celsinho e Ruan tamb\u00e9m n\u00e3o viajaram com o elenco bicolor para Curitiba"},"544493":{"titulo":"S\u00e9rie B: \"Pressionado\", Paran\u00e1 pode ter mudan\u00e7as para seguir na cola do G4","link":"https:\/\/www.futebolinterior.com.br\/serie-b-pressionado-parana-pode-ter-mudancas-para-seguir-na-cola-do-g4\/","chapeu":"TRANQUILO?","data":"11\/07\/2016","imagem":"https:\/\/images.futebolinterior.com.br\/2021\/04\/0002050179444_img-300x200.jpg","resumo":"O Tricolor tem apenas tr\u00eas pontos a menos que o Cear\u00e1, quarto colocado"},"544516":{"titulo":"S\u00e9rie B: Vila Nova apresenta Reni\u00ea, ex-Guarani, e Saulo, ex-Sport","link":"https:\/\/www.futebolinterior.com.br\/serie-b-vila-nova-apresenta-renie-ex-guarani-e-saulo-ex-sport\/","chapeu":"\u00c9 OFICIAL","data":"11\/07\/2016","imagem":"https:\/\/images.futebolinterior.com.br\/2021\/04\/0002050179431_img-300x200.jpg","resumo":"A diretoria agora vai em busca de um primeiro volante para atender os pedidos do t\u00e9cnico Guilherme Alves"},"544079":{"titulo":"S\u00e9rie B: Mar\u00edtimo faz proposta e lateral-esquerdo do Cear\u00e1 pode deixar o clube","link":"https:\/\/www.futebolinterior.com.br\/serie-b-maritimo-faz-proposta-e-lateral-esquerdo-do-ceara-pode-deixar-o-clube\/","chapeu":"J\u00c1 VAI?","data":"11\/07\/2016","imagem":"https:\/\/images.futebolinterior.com.br\/2021\/04\/0002050179425_img-300x196.jpg","resumo":"Titular absoluto do time comandado por S\u00e9rgio Soares, Thallyson interessa ao futebol portugu\u00eas. Agenta do atleta confirma especula\u00e7\u00e3o "},"544530":{"titulo":"Crici\u00fama libera e Cruzeiro acerta com lateral Ezequiel por quatro anos","link":"https:\/\/www.futebolinterior.com.br\/criciuma-libera-e-cruzeiro-acerta-com-lateral-ezequiel-por-quatro-anos\/","chapeu":"FECHOU!","data":"11\/07\/2016","imagem":"https:\/\/images.futebolinterior.com.br\/2021\/04\/0002050179428_img-300x167.jpg","resumo":"O Tigre, que iria receber jogadores na troca, deve ficar apenas com um montante em dinheiro"},"544410":{"titulo":"S\u00e9rie B: Atl\u00e9tico-GO tem praticamente for\u00e7a m\u00e1xima para assumir lideran\u00e7a","link":"https:\/\/www.futebolinterior.com.br\/serie-b-atletico-go-tem-praticamente-forca-maxima-para-assumir-lideranca\/","chapeu":"BOM SINAL","data":"11\/07\/2016","imagem":"https:\/\/images.futebolinterior.com.br\/2021\/04\/0002050179424_img-300x198.jpg","resumo":"Os atacantes Gilsinho e J\u00fanior Vi\u00e7osa s\u00e3o os \u00fanicos desfalques do t\u00e9cnico Marcelo Cabo"},"544437":{"titulo":"Corinthians vence 4.\u00aa seguida e n\u00e3o deixa o Palmeiras disparar na ponta do Brasileiro","link":"https:\/\/www.futebolinterior.com.br\/corinthians-vence-4-a-seguida-e-nao-deixa-o-palmeiras-disparar-na-ponta-do-brasileiro\/","chapeu":"NA COLA","data":"11\/07\/2016","imagem":"https:\/\/images.futebolinterior.com.br\/2021\/04\/0002050179410_img-220x300.jpg","resumo":"Numa dessas, qualquer descuido do Palmeiras e o Corinthians assume a lideran\u00e7a do campeonato e dispara na frente. "},"544485":{"titulo":"S\u00e9rie B: Para fugir do Z4, Bragantino desafia retrospecto contra Joinville no Nabiz\u00e3o","link":"https:\/\/www.futebolinterior.com.br\/serie-b-para-fugir-do-z4-bragantino-desafia-retrospecto-contra-joinville-no-nabizao\/","chapeu":"HIST\u00d3RICO!","data":"11\/07\/2016","imagem":"https:\/\/images.futebolinterior.com.br\/2021\/04\/0002050179363_img-300x225.jpg","resumo":"Depois de vencer o Oeste, em Osasco, o Bragantino volta a campo nesta ter\u00e7a-feira, dia 12, \u00e0s 19h15, no est\u00e1dio Nabiz\u00e3o."}}