{"544032":{"titulo":"S\u00e9rie B: Alexandre Gallo acende 'sinal de alerta' e N\u00e1utico sofre com les\u00f5es","link":"https:\/\/www.futebolinterior.com.br\/serie-b-alexandre-gallo-acende-sinal-de-alerta-e-nautico-sofre-com-lesoes\/","chapeu":"BRUXA SOLTA","data":"12\/07\/2016","imagem":"https:\/\/images.futebolinterior.com.br\/2021\/04\/0002050179715_img-300x225.jpg","resumo":"O t\u00e9cnico Alexandre Gallo lamentou os problemas do N\u00e1utico na derrota contra o CRB por 3 a 1 no \u00faltimo final de semana e ligou o sinal de alerta na S\u00e9rie B do Campeonato Brasileiro"},"543764":{"titulo":"Ex-lateral do Crici\u00fama \u00e9 visto na Toca e Cruzeiro regulariza meio-campo","link":"https:\/\/www.futebolinterior.com.br\/ex-lateral-do-criciuma-e-visto-na-toca-e-cruzeiro-regulariza-meio-campo\/","chapeu":"MERCADO","data":"12\/07\/2016","imagem":"https:\/\/images.futebolinterior.com.br\/2021\/04\/0002050179711_img-227x300.jpg","resumo":"O Cruzeiro deve ganhar dois refor\u00e7os nesta semana complicada para o t\u00e9cnico Paulo Bento"},"543774":{"titulo":"S\u00e9rie B: Renato mostra evolu\u00e7\u00e3o defensiva e \u00e9 o l\u00edder de desarmes do Ava\u00ed","link":"https:\/\/www.futebolinterior.com.br\/serie-b-renato-mostra-evolucao-defensiva-e-e-o-lider-de-desarmes-do-avai\/","chapeu":"ESPORTES","data":"12\/07\/2016","imagem":"https:\/\/images.futebolinterior.com.br\/2021\/04\/0002050179708_img-300x169.jpg","resumo":"Com 25 roubadas de bola e tr\u00eas gols marcados na temporada, o jogador vem sendo escalado em diversas posi\u00e7\u00f5es pelo treinador"},"544043":{"titulo":"S\u00e9rie B: Na briga pelo acesso, t\u00e9cnico do CRB nega contato com o Sport","link":"https:\/\/www.futebolinterior.com.br\/serie-b-na-briga-pelo-acesso-tecnico-do-crb-nega-contato-com-o-sport\/","chapeu":"DIA DO FICO!","data":"12\/07\/2016","imagem":"https:\/\/images.futebolinterior.com.br\/2021\/04\/0002050179709_img-300x225.jpg","resumo":"Na briga pelo acesso na S\u00e9rie B do Campeonato Brasileiro, o CRB amanheceu na \u00faltima segunda-feira com uma especula\u00e7\u00e3o do t\u00e9cnico Mazola J\u00fanior no Sport de Recife"},"543784":{"titulo":"S\u00e9rie B: Luverdense aproveita 'folga' e comenta confronto com o Vasco","link":"https:\/\/www.futebolinterior.com.br\/serie-b-luverdense-aproveita-folga-e-comenta-confronto-com-o-vasco\/","chapeu":"PRA CIMA","data":"12\/07\/2016","imagem":"https:\/\/images.futebolinterior.com.br\/2021\/04\/0002050179700_img-300x200.jpg","resumo":"O Luverdense continua trabalhando forte para o pr\u00f3ximo compromisso pelo Campeonato Brasileiro da S\u00e9rie B, na 16\u00aa rodada"},"544123":{"titulo":"S\u00e9rie B: Bahia treina firme, mas Guto Ferreira deve ter mudan\u00e7as em campo","link":"https:\/\/www.futebolinterior.com.br\/serie-b-bahia-treina-firme-mas-guto-ferreira-deve-ter-mudancas-em-campo\/","chapeu":"E A\u00cd","data":"12\/07\/2016","imagem":"https:\/\/images.futebolinterior.com.br\/2021\/04\/0002050179693_img-300x184.jpg","resumo":"O pen\u00faltimo dia do Bahia em Porto Seguro foi marcado por mais um treinamento t\u00e1tico na noite desta segunda-feira"},"544158":{"titulo":"Santos, Paysandu e Tuna Luso ir\u00e3o receber com a transfer\u00eancia de Ganso","link":"https:\/\/www.futebolinterior.com.br\/santos-paysandu-e-tuna-luso-irao-receber-com-a-transferencia-de-ganso\/","chapeu":"F\u00c1CIL, F\u00c1CIL...","data":"12\/07\/2016","imagem":"https:\/\/images.futebolinterior.com.br\/2021\/04\/0002050179626_img-300x186.jpg","resumo":"A sa\u00edda de Paulo Henrique Ganso do S\u00e3o Paulo pode beneficiar tr\u00eas clubes do Brasil: Paysandu, Tuna Luso e o pr\u00f3prio rival Santos, onde brilhou at\u00e9 2012"},"545234":{"titulo":"Clube do Brasileir\u00e3o encaminha acerto com artilheiro do Crici\u00fama na S\u00e9rie B","link":"https:\/\/www.futebolinterior.com.br\/clube-do-brasileirao-encaminha-acerto-com-artilheiro-do-criciuma-na-serie-b\/","chapeu":"SER\u00c1 QUE VEM?","data":"12\/07\/2016","imagem":"https:\/\/images.futebolinterior.com.br\/2021\/04\/0002050179622_img-300x156.jpg","resumo":"Atrav\u00e9s do diretor adjunto de futebol, Eduardo Ferreira, o Corinthians est\u00e1 muito pr\u00f3ximo de contratar o atacante Gustavo, artilheiro do Crici\u00fama na S\u00e9rie B"},"544169":{"titulo":"Sob ass\u00e9dio europeu, Palmeiras avisa que vai comprar mais 25% de R\u00f3ger Guedes","link":"https:\/\/www.futebolinterior.com.br\/sob-assedio-europeu-palmeiras-avisa-que-vai-comprar-mais-25-de-roger-guedes\/","chapeu":"FUTURO...","data":"12\/07\/2016","imagem":"https:\/\/images.futebolinterior.com.br\/2021\/04\/0002050179620_img-300x169.jpg","resumo":"Ao acionar cl\u00e1usula prevista em contrato, o clube passar\u00e1 a ter 50% dos direitos do jogador, mesma porcentagem do Crici\u00fama."},"544201":{"titulo":"S\u00e9rie B: Mazola Junior \u00e9 julgado e fica livre para dirigir CRB diante do Tupi","link":"https:\/\/www.futebolinterior.com.br\/serie-b-mazola-junior-e-julgado-e-fica-livre-para-dirigir-crb-diante-do-tupi\/","chapeu":"LIBERADO","data":"11\/07\/2016","imagem":"https:\/\/images.futebolinterior.com.br\/2021\/04\/0002050179573_img-229x300.jpg","resumo":"O treinador foi julgado por expuls\u00e3o na partida contra o Joinville na 13\u00aa rodada"}}