{"539750":{"titulo":"S\u00e9rie B: No Vila Nova, Fabinho reencontrar\u00e1 Joinville, onde foi campe\u00e3o em 2014","link":"https:\/\/www.futebolinterior.com.br\/serie-b-no-vila-nova-fabinho-reencontrara-joinville-onde-foi-campeao-em-2014\/","chapeu":"ESPECIAL","data":"01\/08\/2016","imagem":"https:\/\/images.futebolinterior.com.br\/2021\/04\/0002050184664_img-300x170.jpg","resumo":"O experiente atacante manifesta o seu carinho pelo clube catarinense, mas ressalta que s\u00f3 a vit\u00f3ria interessa"},"538570":{"titulo":"S\u00e9rie B: Com interino, Paysandu tem mudan\u00e7a entre os relacionados","link":"https:\/\/www.futebolinterior.com.br\/serie-b-com-interino-paysandu-tem-mudanca-entre-os-relacionados\/","chapeu":"BRUXA E BRUXO","data":"01\/08\/2016","imagem":"https:\/\/images.futebolinterior.com.br\/2021\/04\/0002050184680_img-300x200.jpg","resumo":"Em crise, o Paysandu n\u00e3o tem tempo para lamentar a sa\u00edda do t\u00e9cnico Gilmar Dal Pozzo, que se despediu do clube ap\u00f3s o empate por 2 a 2 com o Vila Nova-GO"},"539728":{"titulo":"S\u00e9rie B: J\u00fanior Rocha aposta no \"coletivo\" para tirar Luverdense da situa\u00e7\u00e3o delicada","link":"https:\/\/www.futebolinterior.com.br\/serie-b-junior-rocha-aposta-no-coletivo-para-tirar-luverdense-da-situacao-delicada\/","chapeu":"VAI QUE VAI","data":"01\/08\/2016","imagem":"https:\/\/images.futebolinterior.com.br\/2021\/04\/0002050184679_img-300x153.jpg","resumo":"O goleiro Gabriel Leite e o zagueiro Gabriel Valongo foram vetados pelo departamento m\u00e9dico"},"538601":{"titulo":"S\u00e9rie B: Nen\u00ea treina e pode refor\u00e7ar o Vasco contra o Cear\u00e1","link":"https:\/\/www.futebolinterior.com.br\/serie-b-nene-treina-e-pode-reforcar-o-vasco-contra-o-ceara\/","chapeu":"VAI JOGAR?","data":"01\/08\/2016","imagem":"https:\/\/images.futebolinterior.com.br\/2021\/04\/0002050184672_img-300x200.jpg","resumo":"O Vasco deve contar com um importante refor\u00e7o para a partida contra o Cear\u00e1, na ter\u00e7a-feira, no Castel\u00e3o, pela S\u00e9rie B do Campeonato Brasileiro. "},"538362":{"titulo":"S\u00e9rie B: Vasco quer tentar manter fama de visitante indigesto para o Cear\u00e1","link":"https:\/\/www.futebolinterior.com.br\/serie-b-vasco-quer-tentar-manter-fama-de-visitante-indigesto-para-o-ceara\/","chapeu":"PEDRA NO SAPATO","data":"01\/08\/2016","imagem":"https:\/\/images.futebolinterior.com.br\/2021\/04\/0002050184663_img-300x200.jpg","resumo":"Dos nove confrontos realizados em solo cearense, o Cruzmaltino venceu cinco partidas, empatou tr\u00eas e sofreu apenas uma derrota"},"538622":{"titulo":"S\u00e9rie B: P\u00e1scoa sente e S\u00e9rgio Soares pode mudar a defesa do Cear\u00e1","link":"https:\/\/www.futebolinterior.com.br\/serie-b-pascoa-sente-e-sergio-soares-pode-mudar-a-defesa-do-ceara\/","chapeu":"E AGORA","data":"01\/08\/2016","imagem":"https:\/\/images.futebolinterior.com.br\/2021\/04\/0002050184650_img-300x177.jpg","resumo":"Cear\u00e1 e Vasco se enfrentam nesta ter\u00e7a-feira, \u00e0s 21h30, na Arena Castel\u00e3o, pela 19\u00aa rodada do Campeonato Brasileiro da S\u00e9rie B"},"538415":{"titulo":"S\u00e9rie B: Com mudan\u00e7as e baixas, Zimmermann define os titulares do Brasil","link":"https:\/\/www.futebolinterior.com.br\/serie-b-com-mudancas-e-baixas-zimmermann-define-os-titulares-do-brasil\/","chapeu":"E AGORA","data":"01\/08\/2016","imagem":"https:\/\/images.futebolinterior.com.br\/2021\/04\/0002050184634_img-300x215.jpg","resumo":"O Brasil volta a campo nesta ter\u00e7a-feira pela 19\u00aa rodada do Campeonato Brasileiro da S\u00e9rie B de olho apenas no G4 da competi\u00e7\u00e3o"},"539811":{"titulo":"S\u00e9rie B: Com tr\u00eas baixas, Ava\u00ed treina de olho no Brasil de Pelotas","link":"https:\/\/www.futebolinterior.com.br\/serie-b-com-tres-baixas-avai-treina-de-olho-no-brasil-de-pelotas\/","chapeu":"PRA CIMA!","data":"01\/08\/2016","imagem":"https:\/\/images.futebolinterior.com.br\/2021\/04\/0002050184626_img-300x225.jpg","resumo":"O Ava\u00ed treinou no \u00faltimo domingo no gramado da Ressacada, antes de viajar para o Rio Grande do Sul"},"538664":{"titulo":"CHANCES: Bragantino fica longe do rebaixamento e Ava\u00ed \u00e9 o favorito a cair","link":"https:\/\/www.futebolinterior.com.br\/chances-bragantino-fica-longe-do-rebaixamento-e-avai-e-o-favorito-a-cair\/","chapeu":"S\u00d3 NO FI","data":"01\/08\/2016","imagem":"https:\/\/images.futebolinterior.com.br\/2021\/04\/0002050184621_img-300x197.png","resumo":"Com o final do primeiro turno as perguntas sobre o rebaixamento da S\u00e9rie B do Campeonato Brasileiro come\u00e7aram a surgir"},"538679":{"titulo":"S\u00e9rie B: Mazola J\u00fanior elogia Luverdense, mas quer CRB recuperando pontos perdidos em casa","link":"https:\/\/www.futebolinterior.com.br\/serie-b-mazola-junior-elogia-luverdense-mas-quer-crb-recuperando-pontos-perdidos-em-casa\/","chapeu":"VAI RECUPERAR?","data":"01\/08\/2016","imagem":"https:\/\/images.futebolinterior.com.br\/2021\/04\/0002050184617_img-300x200.jpg","resumo":"A derrota para o Brasil de Pelotas, por 2 a 1, na sexta-feira, em pleno Trapich\u00e3o, n\u00e3o estava nos planos do t\u00e9cnico do CRB, Mazola J\u00fanior."}}