{"539350":{"titulo":"S\u00e9rie B: Marcelo Cordeiro quer vit\u00f3ria do Vila Nova sobre o Joinville","link":"https:\/\/www.futebolinterior.com.br\/serie-b-marcelo-cordeiro-quer-vitoria-do-vila-nova-sobre-o-joinville\/","chapeu":"T\u00c1 CONFIANTE!?","data":"02\/08\/2016","imagem":"https:\/\/images.futebolinterior.com.br\/2021\/04\/0002050184920_img.jpg","resumo":"Vila Nova e Joinville entram em campo logo mais pela \u00faltima rodada do primeiro turno da S\u00e9rie B com um objetivo em comum: subir na tabela. S"},"539361":{"titulo":"S\u00e9rie B: Londrina apresenta ex Atl\u00e9tico-PR e Fran\u00e7a fica em 2\u00ba plano","link":"https:\/\/www.futebolinterior.com.br\/serie-b-londrina-apresenta-ex-atletico-pr-e-franca-fica-em-2o-plano\/","chapeu":"MERCADO","data":"02\/08\/2016","imagem":"https:\/\/images.futebolinterior.com.br\/2021\/04\/0002050184915_img-300x202.jpg","resumo":"O Londrina apresentou durante entrevista coletiva no Centro de Treinamentos da SM Sports o atacante Marco Damasceno, 20 anos, que chega para refor\u00e7ar o elenco na S\u00e9rie B"},"538067":{"titulo":"S\u00e9rie B: Para encostar no G4, Igor Bosel quer vit\u00f3ria do Londrina sobre o Bragantino","link":"https:\/\/www.futebolinterior.com.br\/serie-b-para-encostar-no-g4-igor-bosel-quer-vitoria-do-londrina-sobre-o-bragantino\/","chapeu":"CHEGANDO! ","data":"02\/08\/2016","imagem":"https:\/\/images.futebolinterior.com.br\/2021\/04\/0002050184907_img-300x276.jpg","resumo":"Lateral da equipe paranaense quer repetir as recentes boas atua\u00e7\u00f5es para vencer no encerramento do primeiro turno "},"539384":{"titulo":"S\u00e9rie D: Diogo Orlando recebe proposta 'irrecus\u00e1vel' do Sampaio Corr\u00eaa e deixa o Itabaiana","link":"https:\/\/www.futebolinterior.com.br\/serie-d-diogo-orlando-recebe-proposta-irrecusavel-do-sampaio-correa-e-deixa-o-itabaiana\/","chapeu":"PARTIU S\u00c9RIE B!","data":"02\/08\/2016","imagem":"https:\/\/images.futebolinterior.com.br\/2021\/04\/0002050184900_img-220x300.jpg","resumo":"O volante Diogo Orlando afirmou ter recebido uma proposta irrecus\u00e1vel do Sampaio Corr\u00eaa, que disputa a S\u00e9rie B do Brasileir\u00e3o"},"538290":{"titulo":"CHANCES: Bahia, Crici\u00fama e N\u00e1utico ainda brigam pelo acesso na S\u00e9rie B","link":"https:\/\/www.futebolinterior.com.br\/chances-bahia-criciuma-e-nautico-ainda-brigam-pelo-acesso-na-serie-b\/","chapeu":"S\u00d3 NO FI!","data":"02\/08\/2016","imagem":"https:\/\/images.futebolinterior.com.br\/2021\/04\/0002050184902_img-300x200.jpg","resumo":"Mesmo distantes do G4 e em fase inst\u00e1vel na S\u00e9rie B do Campeonato Brasileiro, Crici\u00fama e Bahia entra em campo nesta 19\u00aa rodada como favoritos ao acesso na pr\u00f3xima temporada"},"538100":{"titulo":"S\u00e9rie B: Ex-goleiro artilheiro do Atl\u00e9tico-GO assina com o Goi\u00e1s","link":"https:\/\/www.futebolinterior.com.br\/serie-b-ex-goleiro-artilheiro-do-atletico-go-assina-com-o-goias\/","chapeu":"T\u00c1 POR L\u00c1","data":"02\/08\/2016","imagem":"https:\/\/images.futebolinterior.com.br\/2021\/04\/0002050184884_img-180x300.jpg","resumo":"O goleiro M\u00e1rcio finalmente assinou contrato com o Goi\u00e1s para a sequencia do Campeonato Brasileiro da S\u00e9rie B"},"538374":{"titulo":"S\u00e9rie B: Sampaio deve aproveitar folga para avaliar situa\u00e7\u00e3o de Wagner Lopes","link":"https:\/\/www.futebolinterior.com.br\/serie-b-sampaio-deve-aproveitar-folga-para-avaliar-situacao-de-wagner-lopes\/","chapeu":"MUDAN\u00c7AS?","data":"02\/08\/2016","imagem":"https:\/\/images.futebolinterior.com.br\/2021\/04\/0002050184820_img-300x225.jpg","resumo":"A situa\u00e7\u00e3o atual de Wagner Lopes \u00e9 delicada com o Sampaio Corr\u00eaa, lanterna do Campeonato Brasileiro da S\u00e9rie B"},"539525":{"titulo":"CBF cria comiss\u00e3o para avaliar \u00e1rbitros e promete premia\u00e7\u00e3o aos melhores","link":"https:\/\/www.futebolinterior.com.br\/cbf-cria-comissao-para-avaliar-arbitros-e-promete-premiacao-aos-melhores\/","chapeu":"\u00c9 OFICIAL!","data":"02\/08\/2016","imagem":"https:\/\/images.futebolinterior.com.br\/2021\/04\/0002050184809_img-300x191.png","resumo":"Numa tentativa de amenizar as constantes cr\u00edticas \u00e0 qualidade da arbitragem brasileira, a CBF anunciou nesta segunda-feira a cria\u00e7\u00e3o de uma comiss\u00e3o especial para avaliar \u00e1rbitros."},"538407":{"titulo":"Cear\u00e1 x Vasco da Gama - Confronto dos dois melhores da S\u00e9rie B","link":"https:\/\/www.futebolinterior.com.br\/ceara-x-vasco-da-gama-confronto-dos-dois-melhores-da-serie-b\/","chapeu":"VAI FERVER","data":"01\/08\/2016","imagem":"https:\/\/images.futebolinterior.com.br\/2021\/04\/0002050184783_img-300x200.jpg","resumo":"O Gigante da Colina \u00e9 o l\u00edder, com 38 pontos, quatro a mais que o vice-l\u00edder Voz\u00e3o"},"539626":{"titulo":"Tupi x Paran\u00e1 - Para enxergar uma luz no final do t\u00fanel?","link":"https:\/\/www.futebolinterior.com.br\/tupi-x-parana-para-enxergar-uma-luz-no-final-do-tunel\/","chapeu":"AINDA D\u00c1?","data":"01\/08\/2016","imagem":"https:\/\/images.futebolinterior.com.br\/2021\/04\/0002050184732_img-300x169.jpg","resumo":"Enquanto o Galo briga para escapar do rebaixamento, o Tricolor ainda sonha com G4"}}