{"537885":{"titulo":"S\u00e9rie B: Goi\u00e1s aproveita folga para recuperar os jogadores lesionados","link":"https:\/\/www.futebolinterior.com.br\/serie-b-goias-aproveita-folga-para-recuperar-os-jogadores-lesionados\/","chapeu":"DE VOLTA","data":"03\/08\/2016","imagem":"https:\/\/images.futebolinterior.com.br\/2021\/04\/0002050185219_img-300x201.jpg","resumo":"O Goi\u00e1s segue trabalhando firme mesmo durante o per\u00edodo de recesso do Campeonato Brasileiro da S\u00e9rie B"},"537893":{"titulo":"S\u00e9rie B: Tupi apresenta novo zagueiro, que j\u00e1 estreia na vit\u00f3ria em casa","link":"https:\/\/www.futebolinterior.com.br\/serie-b-tupi-apresenta-novo-zagueiro-que-ja-estreia-na-vitoria-em-casa\/","chapeu":"CHEGUEI","data":"03\/08\/2016","imagem":"https:\/\/images.futebolinterior.com.br\/2021\/04\/0002050185212_img-300x188.jpg","resumo":"O t\u00e9cnico Estevam Soares ter\u00e1 mais um zagueiro a sua disposi\u00e7\u00e3o no Tupi para a sequencia da temporada"},"537937":{"titulo":"S\u00e9rie B: Sem espa\u00e7o no Atl\u00e9tico-GO, Junior Vi\u00e7osa pode parar no Santa Cruz","link":"https:\/\/www.futebolinterior.com.br\/serie-b-sem-espaco-no-atletico-go-junior-vicosa-pode-parar-no-santa-cruz\/","chapeu":"NOVOS ARES! ","data":"03\/08\/2016","imagem":"https:\/\/images.futebolinterior.com.br\/2021\/04\/0002050185189_img-300x203.jpg","resumo":"Atacante foi oferecido ao clube pernambucano que est\u00e1 a procura de refor\u00e7os, sa\u00edda do jogador aliviaria a folha salarial do Drag\u00e3o "},"537976":{"titulo":"S\u00e9rie B: Nen\u00ea valoriza lideran\u00e7a do Vasco ao final do primeiro turno","link":"https:\/\/www.futebolinterior.com.br\/serie-b-nene-valoriza-lideranca-do-vasco-ao-final-do-primeiro-turno\/","chapeu":"META ATINGIDA!","data":"03\/08\/2016","imagem":"https:\/\/images.futebolinterior.com.br\/2021\/04\/0002050185168_img-300x200.jpg","resumo":"Jogador destacou que a volta a elite do futebol brasileiro \u00e9 uma obriga\u00e7\u00e3o, e que a inten\u00e7\u00e3o \u00e9 crescer a cada rodada da competi\u00e7\u00e3o "},"538020":{"titulo":"S\u00e9rie B: Internacional requisita e N\u00e1utico recha\u00e7a devolver zagueiro emprestado","link":"https:\/\/www.futebolinterior.com.br\/serie-b-internacional-requisita-e-nautico-rechaca-devolver-zagueiro-emprestado\/","chapeu":"VAI FICAR!","data":"03\/08\/2016","imagem":"https:\/\/images.futebolinterior.com.br\/2021\/04\/0002050185148_img-300x147.jpg","resumo":"Diretor do clube pernambucano confirmou que o Colorado solicitou o retorno de Eduardo que vem sendo titular da equipe "},"538063":{"titulo":"S\u00e9rie B: Sampaio Corr\u00eaa confirma expectativa e acerta com novo treinador","link":"https:\/\/www.futebolinterior.com.br\/serie-b-sampaio-correa-confirma-expectativa-e-acerta-com-novo-treinador\/","chapeu":"CHEGOU!","data":"03\/08\/2016","imagem":"https:\/\/images.futebolinterior.com.br\/2021\/04\/0002050185115_img-300x191.jpg","resumo":"Na lanterna do Campeonato Brasileiro da S\u00e9rie B, o Sampaio Corr\u00eaa confirmou na manh\u00e3 desta quarta-feira o t\u00e9cnico Fl\u00e1vio Ara\u00fajo para a sequencia da competi\u00e7\u00e3o"},"538107":{"titulo":"S\u00e9rie B: Vasco valoriza empate e celebra manuten\u00e7\u00e3o da 'gordura' na competi\u00e7\u00e3o","link":"https:\/\/www.futebolinterior.com.br\/serie-b-vasco-valoriza-empate-e-celebra-manutencao-da-gordura-na-competicao\/","chapeu":"IMPORTANTE!","data":"03\/08\/2016","imagem":"https:\/\/images.futebolinterior.com.br\/2021\/04\/0002050185114_img-300x200.jpg","resumo":"Devido a suspens\u00e3o de Jorginho, Zinho comandou a equipe. Ele fez quest\u00e3o de ressaltar que o Cear\u00e1 \u00e9 um concorrente direto ao acesso "},"538130":{"titulo":"Sele\u00e7\u00e3o FI da S\u00e9rie B vem com \"brasileiros\", K9 e 'Ferguson' paranaense","link":"https:\/\/www.futebolinterior.com.br\/selecao-fi-da-serie-b-vem-com-brasileiros-k9-e-ferguson-paranaense\/","chapeu":"QUE TIME!","data":"03\/08\/2016","imagem":"https:\/\/images.futebolinterior.com.br\/2021\/04\/0002050185062_img-300x200.jpg","resumo":"Um dos destaque do dia foi o recorde de p\u00fablico na partida entre Cear\u00e1 x Vasco. Mais de 56 torcedores estiveram no Castel\u00e3o"},"539233":{"titulo":"Luverdense 0 x 0 CRB - Um fica 7 jogos sem vencer, outro n\u00e3o se reabilita na S\u00e9rie B","link":"https:\/\/www.futebolinterior.com.br\/luverdense-0-x-0-crb-um-fica-7-jogos-sem-vencer-outro-nao-se-reabilita-na-serie-b\/","chapeu":"TUDO ZERO NO MT","data":"02\/08\/2016","imagem":0,"resumo":"Os dois times entraram em campo com a miss\u00e3o de buscar a reabilita\u00e7\u00e3o. O time da casa sem vencer h\u00e1 seis jogos, com tr\u00eas empates e tr\u00eas derrotas, enquanto o CRB com uma derrota "},"537920":{"titulo":"Cear\u00e1 0 x 0 Vasco - P\u00fablico de S\u00e9rie A, futebol de S\u00e9rie B..","link":"https:\/\/www.futebolinterior.com.br\/ceara-0-x-0-vasco-publico-de-serie-a-futebol-de-serie-b\/","chapeu":"FALTOU BOLA!","data":"02\/08\/2016","imagem":0,"resumo":"Voz\u00e3o bem que tentou superar o Trem Bala, mas n\u00e3o conseguiu passar pela retranca"}}