{"529296":{"titulo":"S\u00e9rie B: Sampaio Corr\u00eaa viaja at\u00e9 S\u00e3o Paulo sem o atacante Pimentinha","link":"https:\/\/www.futebolinterior.com.br\/serie-b-sampaio-correa-viaja-ate-sao-paulo-sem-o-atacante-pimentinha\/","chapeu":"E AGORA?","data":"05\/09\/2016","imagem":"https:\/\/images.futebolinterior.com.br\/2021\/04\/0002050192663_img-300x225.jpg","resumo":"O Sampaio Corr\u00eaa conseguiu afastar a sequencia de nove jogos sem vit\u00f3ria no Campeonato Brasileiro da S\u00e9rie B, mas nem por isso respira mais aliviado"},"529155":{"titulo":"S\u00e9rie B: Luverdense conta com volta de Raul Prata contra o Atl\u00e9tico-GO","link":"https:\/\/www.futebolinterior.com.br\/serie-b-luverdense-conta-com-volta-de-raul-prata-contra-o-atletico-go\/","chapeu":"FORTE","data":"05\/09\/2016","imagem":"https:\/\/images.futebolinterior.com.br\/2021\/04\/0002050192653_img-300x200.jpg","resumo":"Mesmo depois de vencer o Paysandu por 2 a 1 e se afastar da zona de rebaixamento, o Luverdense segue treinando para a S\u00e9rie B do Campeonato Brasileiro"},"529362":{"titulo":"S\u00e9rie C: Zagueiro troca Botafogo-PB pelo Cear\u00e1","link":"https:\/\/www.futebolinterior.com.br\/serie-c-zagueiro-troca-botafogo-pb-pelo-ceara\/","chapeu":"FALOU!","data":"05\/09\/2016","imagem":"https:\/\/images.futebolinterior.com.br\/2021\/04\/0002050192620_img-300x225.jpg","resumo":"'Reserva imediato' do Belo, Andr\u00e9 Paulino vai defender o Vov\u00f4 na sequ\u00eancia da segunda divis\u00e3o nacional."},"529125":{"titulo":"S\u00e9rie B: N\u00e1utico n\u00e3o perde tempo e contrata t\u00e9cnico 'Rei do Acesso'","link":"https:\/\/www.futebolinterior.com.br\/serie-b-nautico-nao-perde-tempo-e-contrata-tecnico-rei-do-acesso\/","chapeu":"ELE CHEGOU","data":"05\/09\/2016","imagem":"https:\/\/images.futebolinterior.com.br\/2021\/04\/0002050192575_img-300x225.jpg","resumo":"O t\u00e9cnico Givanildo Oliveira est\u00e1 de volta a Recife (PE)"},"529234":{"titulo":"Maior rival no Maranh\u00e3o parabeniza o Moto Club pelo acesso na S\u00e9rie D","link":"https:\/\/www.futebolinterior.com.br\/maior-rival-no-maranhao-parabeniza-o-moto-club-pelo-acesso-na-serie-d\/","chapeu":"GESTO BONITO?","data":"05\/09\/2016","imagem":"https:\/\/images.futebolinterior.com.br\/2021\/04\/0002050192568_img-300x185.jpg","resumo":"A rivalidade no futebol deve sempre ficar dentro dos gramados"},"530285":{"titulo":"Sele\u00e7\u00e3o Futebol Interior da S\u00c9RIE B com t\u00e9cnico da zebra ga\u00facha e 'apimentada'","link":"https:\/\/www.futebolinterior.com.br\/selecao-futebol-interior-da-serie-b-com-tecnico-da-zebra-gaucha-e-apimentada\/","chapeu":"APIMENTAD\u00cdSSIMA","data":"04\/09\/2016","imagem":0,"resumo":"Rog\u00e9rio Zimmermann comanda a Sele\u00e7\u00e3o FI que tem como grande destaque o baixinho endiabrado Pimentinha"},"529463":{"titulo":"'Novo Brasil' de Tite \u00e9 grande atra\u00e7\u00e3o em Manaus","link":"https:\/\/www.futebolinterior.com.br\/novo-brasil-de-tite-e-grande-atracao-em-manaus\/","chapeu":"OPINI\u00c3O","data":"04\/09\/2016","imagem":"https:\/\/images.futebolinterior.com.br\/2021\/04\/0002050192517_img-300x168.jpg","resumo":"A nova Sele\u00e7\u00e3o Brasileira dirigida por Tite joga nesta ter\u00e7a-feira, em Manaus, contra o bom time da Col\u00f4mbia, pelas Eliminat\u00f3rias da Copa do Mundo de 2018"},"529288":{"titulo":"Cear\u00e1 0 x 0 Ava\u00ed - Voz\u00e3o \u00e9 vaiado e fica fora do G4 da S\u00e9rie B","link":"https:\/\/www.futebolinterior.com.br\/ceara-0-x-0-avai-vozao-e-vaiado-e-fica-fora-do-g4-da-serie-b\/","chapeu":"QUE FASE","data":"04\/09\/2016","imagem":"https:\/\/images.futebolinterior.com.br\/2021\/04\/0002050192494_img-300x177.jpg","resumo":"Sem vencer h\u00e1 seis jogos, o time cearense perdeu a chance de assumir a vice-lideran\u00e7a do campeonato"},"529226":{"titulo":"S\u00e9rie B: Ap\u00f3s derrota para lanterna, N\u00e1utico demite Alexandre Gallo","link":"https:\/\/www.futebolinterior.com.br\/serie-b-apos-derrota-para-lanterna-nautico-demite-alexandre-gallo\/","chapeu":"ADEUS...","data":"04\/09\/2016","imagem":"https:\/\/images.futebolinterior.com.br\/2021\/04\/0002050192474_img-300x225.jpg","resumo":"T\u00e9cnico tamb\u00e9m estava enfrentando problemas internos com o elenco"},"529269":{"titulo":"S\u00e9rie B: Gilson Kleina acerta valores e fecha com Goi\u00e1s","link":"https:\/\/www.futebolinterior.com.br\/serie-b-gilson-kleina-acerta-valores-e-fecha-com-goias\/","chapeu":"FECHOU","data":"04\/09\/2016","imagem":"https:\/\/images.futebolinterior.com.br\/2021\/04\/0002050192458_img-300x207.jpg","resumo":"Treinador \"namorava\" com o time esmeraldino desde julho"}}