{"613587":{"titulo":"Ronaldo inaugura franquia de escolas de futebol em Campinas","link":"https:\/\/www.futebolinterior.com.br\/ronaldo-inaugura-franquia-de-escolas-de-futebol-em-campinas\/","chapeu":"CA\u00c7A-TALENTOS!","data":"28\/09\/2015","imagem":"https:\/\/images.futebolinterior.com.br\/2021\/04\/0002050117524_img-300x169.jpg","resumo":"O Fen\u00f4meno lan\u00e7ou a Ronaldo Academy com o objetivo de "},"613589":{"titulo":"S\u00e9rie B: Sem Rivaldo, Est\u00e1dio do Mogi Mirim deve trocar pela 5\u00aa vez","link":"https:\/\/www.futebolinterior.com.br\/serie-b-sem-rivaldo-estadio-do-mogi-mirim-deve-trocar-pela-5a-vez\/","chapeu":"MAIS UMA VEZ...","data":"28\/09\/2015","imagem":"https:\/\/images.futebolinterior.com.br\/2021\/04\/0002050117523_img-300x198.jpg","resumo":"O Est\u00e1dio voltar\u00e1 a carregar o nome de \"Vail Chaves\u201d, que doou o terreno para a constru\u00e7\u00e3o onde foi levantado a casa do Sap\u00e3o em 1981 "},"613602":{"titulo":"R\u00e1dio Futebol Interior define programa\u00e7\u00e3o de jogos desta semana","link":"https:\/\/www.futebolinterior.com.br\/radio-futebol-interior-define-programacao-de-jogos-desta-semana-2\/","chapeu":"FUTEBOL \u00c9 AQUI!","data":"28\/09\/2015","imagem":"https:\/\/images.futebolinterior.com.br\/2021\/04\/0002050117509_img-213x300.jpg","resumo":"R\u00e1dios Futebol Interior define programa\u00e7\u00e3o de jogos desta semana "},"613629":{"titulo":"S\u00e9rie B: Paran\u00e1 sonda Roberto Fonseca para o lugar de Diniz","link":"https:\/\/www.futebolinterior.com.br\/serie-b-parana-sonda-roberto-fonseca-para-o-lugar-de-diniz\/","chapeu":"DE OLHO","data":"28\/09\/2015","imagem":"https:\/\/images.futebolinterior.com.br\/2021\/04\/0002050117478_img-300x207.jpg","resumo":"O treinador tem 53 anos e comandou o Tricolor paranaense em 2011"},"613637":{"titulo":"S\u00e9rie B: Pressionado, Cear\u00e1 poder\u00e1 ter at\u00e9 duas mudan\u00e7as contra o Luverdense","link":"https:\/\/www.futebolinterior.com.br\/serie-b-pressionado-ceara-podera-ter-ate-duas-mudancas-contra-o-luverdense\/","chapeu":"RETORNOS","data":"28\/09\/2015","imagem":"https:\/\/images.futebolinterior.com.br\/2021\/04\/0002050117473_img-300x161.jpg","resumo":"O Cear\u00e1 \u00e9 o 17.\u00ba colocado da S\u00e9rie B, com 26 pontos. Cinco atr\u00e1s do Maca\u00e9, primeiro fora do Z4"},"613648":{"titulo":"S\u00e9rie B: Amaral pede aten\u00e7\u00e3o do Vit\u00f3ria no cl\u00e1ssico contra o Bahia","link":"https:\/\/www.futebolinterior.com.br\/serie-b-amaral-pede-atencao-do-vitoria-no-classico-contra-o-bahia\/","chapeu":"BA-VI","data":"28\/09\/2015","imagem":"https:\/\/images.futebolinterior.com.br\/2021\/04\/0002050117467_img-300x199.jpg","resumo":"Volante falou sobre a expectativa de mais um duelo com o tricolor na S\u00e9rie B"},"613653":{"titulo":"S\u00e9rie B: Ap\u00f3s de L\u00e9o Cond\u00e9, Diones espera por grande atua\u00e7\u00e3o do Sampaio Corr\u00eaa contra o Bota","link":"https:\/\/www.futebolinterior.com.br\/serie-b-apos-de-leo-conde-diones-espera-por-grande-atuacao-do-sampaio-correa-contra-o-bota\/","chapeu":"EXPECTATIVA","data":"28\/09\/2015","imagem":"https:\/\/images.futebolinterior.com.br\/2021\/04\/0002050117464_img-300x200.jpg","resumo":"Volante da equipe maranhense quer os tr\u00eas pontos contra os cariocas"},"613656":{"titulo":"S\u00e9rie B: Paulinho Dias estreia pelo Bahia e mira cl\u00e1ssico contra o Vit\u00f3ria","link":"https:\/\/www.futebolinterior.com.br\/serie-b-paulinho-dias-estreia-pelo-bahia-e-mira-classico-contra-o-vitoria\/","chapeu":"FOCO","data":"28\/09\/2015","imagem":"https:\/\/images.futebolinterior.com.br\/2021\/04\/0002050117460_img-300x200.jpg","resumo":"Volante revela ansiedade para o confronto do s\u00e1bado com o Vit\u00f3ria na Arena Fonte Nova"},"613659":{"titulo":"S\u00e9rie B: Bragantino perde dupla para confronto direto pelo G4","link":"https:\/\/www.futebolinterior.com.br\/serie-b-bragantino-perde-dupla-para-confronto-direto-pelo-g4\/","chapeu":"MUDAN\u00c7AS","data":"28\/09\/2015","imagem":"https:\/\/images.futebolinterior.com.br\/2021\/04\/0002050117457_img-300x141.jpg","resumo":"Enquanto o Braga \u00e9 o nono colocado, com 42 pontos, o Santa Cruz aparece em sexto, com 45"},"613662":{"titulo":"S\u00e9rie B: Luverdense perde artilheiro para enfrentar o Cear\u00e1","link":"https:\/\/www.futebolinterior.com.br\/serie-b-luverdense-perde-artilheiro-para-enfrentar-o-ceara\/","chapeu":"BAIXA","data":"28\/09\/2015","imagem":"https:\/\/images.futebolinterior.com.br\/2021\/04\/0002050117451_img-225x300.jpg","resumo":"Para o seu lugar o treinador tem duas op\u00e7\u00f5es: Carlos Henrique e Assu\u00e9rio"}}