{"610037":{"titulo":"S\u00e9rie B: Luis Ricardo festeja recupera\u00e7\u00e3o, mas fica na reserva do Botafogo em treino","link":"https:\/\/www.futebolinterior.com.br\/serie-b-luis-ricardo-festeja-recuperacao-mas-fica-na-reserva-do-botafogo-em-treino\/","chapeu":"QUASE 100%","data":"14\/10\/2015","imagem":"https:\/\/images.futebolinterior.com.br\/2021\/04\/0002050120879_img-300x225.jpg","resumo":"E o pr\u00f3prio Luis Ricardo reconheceu nesta quarta que Diego mereceu ser mantido na equipe"},"610027":{"titulo":"R\u00e1dio FI transmite dois jogos do Brasileir\u00e3o nesta quarta-feira","link":"https:\/\/www.futebolinterior.com.br\/radio-fi-transmite-dois-jogos-do-brasileirao-nesta-quarta-feira\/","chapeu":"OU\u00c7A A R\u00c1DIO FI!","data":"14\/10\/2015","imagem":"https:\/\/images.futebolinterior.com.br\/2021\/04\/0002050120873_img-300x240.jpg","resumo":"R\u00e1dio FI transmite dois jogos do Brasileir\u00e3o nesta quarta-feira"},"610029":{"titulo":"S\u00e9rie B: ABC coloca ingresso a \u2018pre\u00e7o de banana\u2019 diante do Am\u00e9rica-MG","link":"https:\/\/www.futebolinterior.com.br\/serie-b-abc-coloca-ingresso-a-preco-de-banana-diante-do-america-mg\/","chapeu":"VAI BOMBAR?","data":"14\/10\/2015","imagem":"https:\/\/images.futebolinterior.com.br\/2021\/04\/0002050120874_img-300x169.jpg","resumo":"Nas \u00faltimas quatro partidas como mandante o ABC atuou na Arena das Dunas"},"610032":{"titulo":"S\u00e9rie B: Am\u00e9rica-MG deve encerrar improvisa\u00e7\u00e3o na lateral diante do ABC","link":"https:\/\/www.futebolinterior.com.br\/serie-b-america-mg-deve-encerrar-improvisacao-na-lateral-diante-do-abc\/","chapeu":"UFA","data":"14\/10\/2015","imagem":"https:\/\/images.futebolinterior.com.br\/2021\/04\/0002050120870_img-300x215.jpg","resumo":"Para este duelo, o ABC colocou os ingressos a R$ 5 e espera as arquibancadas cheias de torcedores"},"610071":{"titulo":"S\u00e9rie B: Meia do Vit\u00f3ria cobra aten\u00e7\u00e3o contra o Paran\u00e1 na Fonte Nova","link":"https:\/\/www.futebolinterior.com.br\/serie-b-meia-do-vitoria-cobra-atencao-contra-o-parana-na-fonte-nova\/","chapeu":"DE OLHO","data":"14\/10\/2015","imagem":"https:\/\/images.futebolinterior.com.br\/2021\/04\/0002050120839_img-300x199.jpg","resumo":"Meia pode ganhar a vaga do suspenso Rhayner para partida diante do tricolor na sexta-feira"},"610077":{"titulo":"S\u00e9rie B: Santa Cruz fica pr\u00f3ximo de renova\u00e7\u00e3o com meia Jo\u00e3o Paulo, ex-Inter","link":"https:\/\/www.futebolinterior.com.br\/serie-b-santa-cruz-fica-proximo-de-renovacao-com-meia-joao-paulo-ex-inter\/","chapeu":"O PRIMEIRO...","data":"14\/10\/2015","imagem":"https:\/\/images.futebolinterior.com.br\/2021\/04\/0002050120835_img-300x197.jpg","resumo":"Jo\u00e3o \u00e9 pe\u00e7a importante no esquema do t\u00e9cnico Marcelo Martelotte, tanto \u00e9 que deve ser titular no duelo contra o N\u00e1utico, no pr\u00f3ximo s\u00e1bado"},"610129":{"titulo":"S\u00e9rie B: Mattis, do Vit\u00f3ria, \u00e9 punido com um jogo de suspens\u00e3o e est\u00e1 livre para jogar contra Paran\u00e1","link":"https:\/\/www.futebolinterior.com.br\/serie-b-mattis-do-vitoria-e-punido-com-um-jogo-de-suspensao-e-esta-livre-para-jogar-contra-parana\/","chapeu":"UFA!","data":"13\/10\/2015","imagem":"https:\/\/images.futebolinterior.com.br\/2021\/04\/0002050120750_img-300x169.jpg","resumo":"O jogador foi julgado nesta ter\u00e7a-feira e, como j\u00e1 cumpriu a autom\u00e1tica, estatar\u00e1 \u00e0 disposi\u00e7\u00e3o de Vagner Mancini"},"610123":{"titulo":"S\u00e9rie B: Birigui vai entregar camisa de n\u00famero 200 a Tiago Cardoso no Cl\u00e1ssico das Emo\u00e7\u00f5es","link":"https:\/\/www.futebolinterior.com.br\/serie-b-birigui-vai-entregar-camisa-de-numero-200-a-tiago-cardoso-no-classico-das-emocoes\/","chapeu":"HOMENAGEM!","data":"13\/10\/2015","imagem":"https:\/\/images.futebolinterior.com.br\/2021\/04\/0002050120771_img-300x259.png","resumo":"A partida ainda pode valer uma posi\u00e7\u00e3o entre os quatro primeiros colocados"},"610160":{"titulo":"S\u00e9rie B: Destaque no primeiro semestre, lateral-direito Jonas deixa o Crici\u00fama","link":"https:\/\/www.futebolinterior.com.br\/serie-b-destaque-no-primeiro-semestre-lateral-direito-jonas-deixa-o-criciuma\/","chapeu":"ADEUS!","data":"13\/10\/2015","imagem":"https:\/\/images.futebolinterior.com.br\/2021\/04\/0002050120723_img-300x201.jpg","resumo":"O jogador acertou seu desligamento do clube junto \u00e0 diretoria e agradeceu os meses que passou no Tigre"},"610162":{"titulo":"S\u00e9rie B: M\u00e9dicos n\u00e3o confirmam aus\u00eancia, mas Grafite tem chance remota de jogar o cl\u00e1ssico","link":"https:\/\/www.futebolinterior.com.br\/serie-b-medicos-nao-confirmam-ausencia-mas-grafite-tem-chance-remota-de-jogar-o-classico\/","chapeu":"CONTRA O TEMPO","data":"13\/10\/2015","imagem":"https:\/\/images.futebolinterior.com.br\/2021\/04\/0002050120718_img-300x194.jpg","resumo":"Com les\u00e3o de graus dois na panturrilha direita, a presen\u00e7a do centroavante no cl\u00e1ssico com o N\u00e1utico, no Arruda, \u00e9 praticamente descartada"}}