{"641146":{"titulo":"Ren\u00e9 Sim\u00f5es torce pela manuten\u00e7\u00e3o do elenco: \"\u00e9 hora de se valorizar ainda mais\"","link":"https:\/\/www.futebolinterior.com.br\/rene-simoes-torce-pela-manutencao-do-elenco-e-hora-de-se-valorizar-ainda-mais\/","chapeu":"N\u00c3O VAI SAIR NINGU\u00c9M","data":"12\/06\/2015","imagem":"https:\/\/images.futebolinterior.com.br\/2021\/04\/0002050087177_img-300x148.jpg","resumo":"Preocupado com a sa\u00edda de jogadores, especialmente de Rodrigo Pimp\u00e3o, que teria proposta do futebol japon\u00eas, Ren\u00e9 Sim\u00f5es fez coro pela manuten\u00e7\u00e3o do grupo"},"641251":{"titulo":"Mogi Mirim x Vit\u00f3ria - Chegou a hora da primeira vez, Sapo?","link":"https:\/\/www.futebolinterior.com.br\/mogi-mirim-x-vitoria-chegou-a-hora-da-primeira-vez-sapo\/","chapeu":"VAI D\u00c1 ZEBRA?","data":"12\/06\/2015","imagem":"https:\/\/images.futebolinterior.com.br\/2021\/04\/0002050087095_img-300x200.jpg","resumo":"O Le\u00e3o, por sua vez, quer os tr\u00eas pontos para seguir de perto dos primeiros colocados"},"641283":{"titulo":"S\u00c9RIE B: S\u00e1bado tem N\u00e1utico na busca pelo l\u00edder, times 100% em casa e luta contra Z4","link":"https:\/\/www.futebolinterior.com.br\/serie-b-sabado-tem-nautico-na-busca-pelo-lider-times-100-em-casa-e-luta-contra-z4\/","chapeu":"QUE DIA!","data":"12\/06\/2015","imagem":"https:\/\/images.futebolinterior.com.br\/2021\/04\/0002050087080_img-300x169.jpg","resumo":"Bahia e Maca\u00e9 ainda n\u00e3o trope\u00e7aram em seus est\u00e1dios e querem um lugar no G4"},"641157":{"titulo":"Am\u00e9rica-MG x CRB - Caiu no Horto... o Galo est\u00e1 morto?","link":"https:\/\/www.futebolinterior.com.br\/america-mg-x-crb-caiu-no-horto-o-galo-esta-morto\/","chapeu":"EM BUSCA DA REA\u00c7\u00c3O!","data":"12\/06\/2015","imagem":"https:\/\/images.futebolinterior.com.br\/2021\/04\/0002050087163_img-300x199.jpg","resumo":"Tentando encostar no G4, o Am\u00e9rica-MG encara o CRB, que estreia o t\u00e9cnico Mazola J\u00fanior, neste s\u00e1bado, \u00e0s 21 horas, pela S\u00e9rie B do Brasileiro."},"641178":{"titulo":"Atl\u00e9tico-GO x N\u00e1utico - Timbu vai continuar \"maluco beleza\"?","link":"https:\/\/www.futebolinterior.com.br\/atletico-go-x-nautico-timbu-vai-continuar-maluco-beleza\/","chapeu":"MALUCO TOTAL!","data":"12\/06\/2015","imagem":"https:\/\/images.futebolinterior.com.br\/2021\/04\/0002050087154_img-300x225.jpg","resumo":"Lisca tenta fazer mais uma v\u00edtima no N\u00e1utico: vai encarar o Atl\u00e9tico-GO, \u00e0s 16h30, no Est\u00e1dio Serra Dourada, em Goi\u00e2nia, pela S\u00e9rie B do Brasileiro."},"641212":{"titulo":"Com elenco enxuto, Corinthians repatria atacante Gustavo Tocantins, do Bragantino","link":"https:\/\/www.futebolinterior.com.br\/com-elenco-enxuto-corinthians-repatria-atacante-gustavo-tocantins-do-bragantino\/","chapeu":"FILHO PR\u00d3DIGO!","data":"12\/06\/2015","imagem":"https:\/\/images.futebolinterior.com.br\/2021\/04\/0002050087128_img-300x298.jpg","resumo":"Corinthians solicitou o retorno do atacante Gustavo Tocantins, de 19 anos, que estava emprestado ao Bragantino na S\u00e9rie B do Brasileiro."},"641228":{"titulo":"45\u00ba Curso para Treinadores do SITREFESP foi um grande sucesso","link":"https:\/\/www.futebolinterior.com.br\/45o-curso-para-treinadores-do-sitrefesp-foi-um-grande-sucesso\/","chapeu":"APROVADO","data":"12\/06\/2015","imagem":"https:\/\/images.futebolinterior.com.br\/2021\/04\/0002050087118_img-300x216.jpg","resumo":"Na \u00faltima semana do m\u00eas de maio, o Sindicato dos Treinadores Profissionais de Futebol do Estado de S\u00e3o Paulo (SITREFESP), presidido por Wladimir Rodrigues dos Santos"},"641232":{"titulo":"S\u00e9rie B: Arena Fonte Nova \u00e9 palco do confronto de numero 54 entre Bahia e Cear\u00e1","link":"https:\/\/www.futebolinterior.com.br\/serie-b-arena-fonte-nova-e-palco-do-confronto-de-numero-54-entre-bahia-e-ceara\/","chapeu":"TRICOLOR EM VANTAGEM","data":"12\/06\/2015","imagem":"https:\/\/images.futebolinterior.com.br\/2021\/04\/0002050087116_img-300x188.jpg","resumo":"O Bahia enfrenta o Cear\u00e1 neste s\u00e1bado, \u00e0s 16h30, na Arena Fonte Nova, em Salvador, pela s\u00e9tima rodada do Campeonato Brasileiro da S\u00e9rie B. O Tricolor se A\u00e7o \u00e9 o s\u00e9timo colocado com"},"641234":{"titulo":"S\u00e9rie B: Sampaio Corr\u00eaa e Crici\u00fama se enfrentam pela quinta vez na hist\u00f3ria","link":"https:\/\/www.futebolinterior.com.br\/serie-b-sampaio-correa-e-criciuma-se-enfrentam-pela-quinta-vez-na-historia\/","chapeu":"BOL\u00cdVIA NA FRENTE","data":"12\/06\/2015","imagem":"https:\/\/images.futebolinterior.com.br\/2021\/04\/0002050087115_img-300x200.jpg","resumo":"O Sampaio Corr\u00eaa enfrenta o Crici\u00fama nesta sexta-feira, \u00e0s 19h30, no est\u00e1dio Castel\u00e3o, em S\u00e3o Lu\u00eds, pela s\u00e9tima rodada do Campeonato Brasileiro da S\u00e9rie B. O Tubar\u00e3o \u00e9 o sexto colo"},"641266":{"titulo":"T\u00e9cnico com experi\u00eancia internacional, Edson Porto busca um novo clube na carreira","link":"https:\/\/www.futebolinterior.com.br\/tecnico-com-experiencia-internacional-edson-porto-busca-um-novo-clube-na-carreira\/","chapeu":"ELE CONHECE!","data":"12\/06\/2015","imagem":"https:\/\/images.futebolinterior.com.br\/2021\/04\/0002050087087_img-300x225.jpg","resumo":"Centrado e com grande experi\u00eancia pela escola ga\u00facha e futebol internacional, Edson Porto privilegia o trabalho a longo prazo"}}