{"635945":{"titulo":"Bragantino x Santa Cruz - Para sonhar alto, Braga espera afundar o Tricolor!","link":"https:\/\/www.futebolinterior.com.br\/bragantino-x-santa-cruz-para-sonhar-alto-braga-espera-afundar-o-tricolor\/","chapeu":"BRIGA DE FOICE!","data":"03\/07\/2015","imagem":"https:\/\/images.futebolinterior.com.br\/2021\/04\/0002050092705_img-300x200.jpg","resumo":"Bragantino espera reencontrar o caminho da vit\u00f3ria. Neste s\u00e1bado, o time encara o pressionado Santa Cruz, no Est\u00e1dio Nabi Abi Chedid, em Bragan\u00e7a Paulista, pela S\u00e9rie B."},"635956":{"titulo":"Vit\u00f3ria x Bahia - Ba-Vi vale G4 na S\u00e9rie B e tem tabu contra o Tricolor!","link":"https:\/\/www.futebolinterior.com.br\/vitoria-x-bahia-ba-vi-vale-g4-na-serie-b-e-tem-tabu-contra-o-tricolor\/","chapeu":"MAIS QUENTE QUE PIMENTA!","data":"03\/07\/2015","imagem":"https:\/\/images.futebolinterior.com.br\/2021\/04\/0002050092699_img-300x199.jpg","resumo":"Vit\u00f3ria aposta em um tabu de quatro anos sem perder para o Bahia, no Barrad\u00e3o, palco do Ba-Vi, pela S\u00e9rie B do Brasileiro."},"635969":{"titulo":"S\u00c9RIE B: Ba-Vi e disputa pelo G4 agitam a rodada do s\u00e1bado","link":"https:\/\/www.futebolinterior.com.br\/serie-b-ba-vi-e-disputa-pelo-g4-agitam-a-rodada-do-sabado\/","chapeu":"VAI PEGAR FOGO!","data":"03\/07\/2015","imagem":"https:\/\/images.futebolinterior.com.br\/2021\/04\/0002050092686_img-300x225.jpg","resumo":"A d\u00e9cima rodada do Campeonato Brasileiro da S\u00e9rie B ser\u00e1 encerrada, neste s\u00e1bado, com seis partidas. O destaque vai para o Ba-Vi, entre Vit\u00f3ria e Bahia."},"635966":{"titulo":"S\u00e9rie B: Oeste ter\u00e1 estreia de Marcelinho no ataque contra o N\u00e1utico","link":"https:\/\/www.futebolinterior.com.br\/serie-b-oeste-tera-estreia-de-marcelinho-no-ataque-contra-o-nautico\/","chapeu":"VAI PRO JOGO","data":"03\/07\/2015","imagem":"https:\/\/images.futebolinterior.com.br\/2021\/04\/0002050092696_img-273x300.jpg","resumo":"Conseguindo se manter fora da zona de rebaixamento com um dos elencos de menor faixa salarial do Campeonato Brasileiro da S\u00e9rie B"},"635984":{"titulo":"S\u00e9rie B: Goleiro Fernando pede rescis\u00e3o do Maca\u00e9 e Rafael vai estrear","link":"https:\/\/www.futebolinterior.com.br\/serie-b-goleiro-fernando-pede-rescisao-do-macae-e-rafael-vai-estrear\/","chapeu":"MUDAN\u00c7A NO GOL","data":"03\/07\/2015","imagem":"https:\/\/images.futebolinterior.com.br\/2021\/04\/0002050092685_img-300x200.jpg","resumo":"Depois de perder Ricardo Berna, que acertou com o Fortaleza, o Maca\u00e9 sofreu mais um desfalque de goleiro em seu elenco. "},"635994":{"titulo":"S\u00e9rie B: Am\u00e9rica-MG deve contar com duas novidades contra Mogi Mirim","link":"https:\/\/www.futebolinterior.com.br\/serie-b-america-mg-deve-contar-com-duas-novidades-contra-mogi-mirim\/","chapeu":"MUDAN\u00c7AS!","data":"03\/07\/2015","imagem":"https:\/\/images.futebolinterior.com.br\/2021\/04\/0002050092680_img-300x201.jpg","resumo":"O t\u00e9cnico Givanildo de Oliveira deve promover duas novidades no Am\u00e9rica-MG para o jogo contra o Mogi Mirim, pela S\u00e9rie B do Brasileiro."},"635999":{"titulo":"S\u00e9rie B: Boa Esporte viaja para Macei\u00f3 sem o t\u00e9cnico Moacir J\u00fanior","link":"https:\/\/www.futebolinterior.com.br\/serie-b-boa-esporte-viaja-para-maceio-sem-o-tecnico-moacir-junior\/","chapeu":"DIFERENTE","data":"03\/07\/2015","imagem":"https:\/\/images.futebolinterior.com.br\/2021\/04\/0002050092679_img-300x200.png","resumo":"Embalado por uma vit\u00f3ria sobre o Bragantino por 3 a 0, no \u00faltimo final de semana, em Varginha, o Boa Esporte viaja at\u00e9 Alagoas para encara o CRB"},"636255":{"titulo":"S\u00e9rie B: Bragantino perde zagueiro Luan para enfrentar o Santa Cruz","link":"https:\/\/www.futebolinterior.com.br\/serie-b-bragantino-perde-zagueiro-luan-para-enfrentar-o-santa-cruz\/","chapeu":"DESFALQUE","data":"03\/07\/2015","imagem":"https:\/\/images.futebolinterior.com.br\/2021\/04\/0002050092390_img-300x141.jpg","resumo":"O t\u00e9cnico Osmar Loss ganhou mais uma preocupa\u00e7\u00e3o para o jogo do Bragantino deste s\u00e1bado, \u00e0s 16h30, no Nabiz\u00e3o, contra o Santa Cruz"},"636003":{"titulo":"S\u00e9rie B: \u00c0 espera de Grafite, Santa Cruz pode estrear Moradei contra Bragantino","link":"https:\/\/www.futebolinterior.com.br\/serie-b-a-espera-de-grafite-santa-cruz-pode-estrear-moradei-contra-bragantino\/","chapeu":"NOVIDADE?","data":"03\/07\/2015","imagem":"https:\/\/images.futebolinterior.com.br\/2021\/04\/0002050092669_img-300x200.jpg","resumo":"Enquanto a torcida aguarda ansiosamente pela regulariza\u00e7\u00e3o do atacante Grafite, o Santa Cruz j\u00e1 pode contar com Moradei para o duelo contra o Bragantino. "},"636017":{"titulo":"S\u00e9rie B: Lisca ter\u00e1 importantes desfalques no N\u00e1utico contra Oeste","link":"https:\/\/www.futebolinterior.com.br\/serie-b-lisca-tera-importantes-desfalques-no-nautico-contra-oeste\/","chapeu":"GRANDES PERDAS!","data":"03\/07\/2015","imagem":"https:\/\/images.futebolinterior.com.br\/2021\/04\/0002050092659_img-300x183.jpg","resumo":"Lisca n\u00e3o poder\u00e1 contar com o volante Jo\u00e3o Ananias e com o meia Pedro Carmona para o duelo deste s\u00e1bado, na Arena Pernambuco, entre N\u00e1utico e Oeste. "}}