{"617819":{"titulo":"Am\u00e9rica-MG x N\u00e1utico - Momentos distintos na briga para voltar ao G4","link":"https:\/\/www.futebolinterior.com.br\/america-mg-x-nautico-momentos-distintos-na-briga-para-voltar-ao-g4\/","chapeu":"PELO G4!","data":"11\/09\/2015","imagem":"https:\/\/images.futebolinterior.com.br\/2021\/04\/0002050113175_img-300x162.jpg","resumo":"Irregulares, os dois times, que se enfrentam neste s\u00e1bado, no Independ\u00eancia, n\u00e3o est\u00e3o no G4 e precisam da vit\u00f3ria para continuarem na briga pelo acesso"},"617779":{"titulo":"Maca\u00e9 x Crici\u00fama - Dia da estreia de Marcos Assun\u00e7\u00e3o pelo Tigre!","link":"https:\/\/www.futebolinterior.com.br\/macae-x-criciuma-dia-da-estreia-de-marcos-assuncao-pelo-tigre\/","chapeu":"ELE VOLTOU!","data":"11\/09\/2015","imagem":"https:\/\/images.futebolinterior.com.br\/2021\/04\/0002050113210_img-300x199.jpg","resumo":"O jogador, ex\u00edmio cobrador de faltas, n\u00e3o atua profissionalmente desde que deixou a Portuguesa"},"617830":{"titulo":"S\u00e9rie D: De volta \u00e0s origens, Globo-RN empresta atacante ao ABC","link":"https:\/\/www.futebolinterior.com.br\/serie-d-de-volta-as-origens-globo-rn-empresta-atacante-ao-abc\/","chapeu":"CHEGUEI","data":"11\/09\/2015","imagem":"https:\/\/images.futebolinterior.com.br\/2021\/04\/0002050113177_img-300x187.gif","resumo":"O presidente do Globo-RN, Marconi Barretto, confirmou na noite desta quinta-feira o empr\u00e9stimo do atacante Romarinho ao ABC para disputa da S\u00e9rie B"},"617926":{"titulo":"ESPECIAL FI: \"Le\u00f5es de Campinas\" vai com a Lusa onde ela estiver","link":"https:\/\/www.futebolinterior.com.br\/especial-fi-leoes-de-campinas-vai-com-a-lusa-onde-ela-estiver\/","chapeu":"AMOR LUSITANO","data":"11\/09\/2015","imagem":"https:\/\/images.futebolinterior.com.br\/2021\/04\/0002050113106_img-300x193.jpg","resumo":"Torcida Organizada re\u00fane familiares, amigos e at\u00e9 simpatizantes da Portuguesa"},"617930":{"titulo":"S\u00e9rie B: Sem \u00c9lton e Escudero, Vagner Mancini relaciona novo refor\u00e7o contra o Atl\u00e9tico-GO","link":"https:\/\/www.futebolinterior.com.br\/serie-b-sem-elton-e-escudero-vagner-mancini-relaciona-novo-reforco-contra-o-atletico-go\/","chapeu":"VAI PRO JOGO?","data":"11\/09\/2015","imagem":"https:\/\/images.futebolinterior.com.br\/2021\/04\/0002050113112_img-300x200.jpg","resumo":"Envolvido em uma troca pelo zagueiro Ednei com o Coritiba, o lateral-esquerdo Norberto foi regularizado e pode estrear com a camisa do Le\u00e3o contra o Atl\u00e9tico-GO"},"617966":{"titulo":"S\u00e9rie B: Encostado, Botafogo empresta Murilo, jovem atacante ao Maca\u00e9","link":"https:\/\/www.futebolinterior.com.br\/serie-b-encostado-botafogo-empresta-murilo-jovem-atacante-ao-macae\/","chapeu":"T\u00c1 L\u00c1","data":"11\/09\/2015","imagem":"https:\/\/images.futebolinterior.com.br\/2021\/04\/0002050113081_img-300x148.jpg","resumo":"O atacante Murilo finalmente acertou sua transfer\u00eancia para o Maca\u00e9, na S\u00e9rie B do Campeonato Brasileiro"},"617968":{"titulo":"S\u00e9rie B: Especialista em bola parada, Ednei aprimora pontaria para tirar ABC da lanterna","link":"https:\/\/www.futebolinterior.com.br\/serie-b-especialista-em-bola-parada-ednei-aprimora-pontaria-para-tirar-abc-da-lanterna\/","chapeu":"DEIXA COM ELE!","data":"11\/09\/2015","imagem":"https:\/\/images.futebolinterior.com.br\/2021\/04\/0002050113079_img-300x300.jpg","resumo":"o lateral-direito Ednei, especialistas do ABC quando o assunto \u00e9 bola parada, quer ajudar o Mais Querido a voltar a vencer depois de 13 jogos e deixar a lanterna"},"617980":{"titulo":"S\u00e9rie B: Frauches chega, assina e vai para campo pelo Maca\u00e9 contra o Crici\u00fama","link":"https:\/\/www.futebolinterior.com.br\/serie-b-frauches-chega-assina-e-vai-para-campo-pelo-macae-contra-o-criciuma\/","chapeu":"RAPIDINHO","data":"11\/09\/2015","imagem":"https:\/\/images.futebolinterior.com.br\/2021\/04\/0002050113071_img-227x300.jpg","resumo":"Zagueiro emprestado pela Flamengo fez apenas um treino e j\u00e1 est\u00e1 escalado no jogo deste s\u00e1bado"},"617986":{"titulo":"S\u00e9rie B: Meia quer Vit\u00f3ria ligado diante do Atl\u00e9tico-GO no Serra Dourada","link":"https:\/\/www.futebolinterior.com.br\/serie-b-meia-quer-vitoria-ligado-diante-do-atletico-go-no-serra-dourada\/","chapeu":"DE OLHO","data":"11\/09\/2015","imagem":"https:\/\/images.futebolinterior.com.br\/2021\/04\/0002050113069_img-300x201.jpg","resumo":"Meia rubro-negro fala sobre a necessidade de triunfo do Le\u00e3o no duelo fora de casa"},"617989":{"titulo":"S\u00e9rie B: Paran\u00e1 tem \u00f3timo retrospecto como mandante contra o Paysandu","link":"https:\/\/www.futebolinterior.com.br\/serie-b-parana-tem-otimo-retrospecto-como-mandante-contra-o-paysandu\/","chapeu":"N\u00daMEROS","data":"11\/09\/2015","imagem":"https:\/\/images.futebolinterior.com.br\/2021\/04\/0002050113067_img-300x200.jpg","resumo":"Tricolores e bicolores se enfrentaram doze vezes na hist\u00f3ria, com retrospecto favor\u00e1vel aos paranaenses"}}