{"617145":{"titulo":"S\u00e9rie B: Sampaio Corr\u00eaa tem dois refor\u00e7os; nenhum deve estrear contra Crici\u00fama","link":"https:\/\/www.futebolinterior.com.br\/serie-b-sampaio-correa-tem-dois-reforcos-nenhum-deve-estrear-contra-criciuma\/","chapeu":"REFOR\u00c7OS!","data":"14\/09\/2015","imagem":"https:\/\/images.futebolinterior.com.br\/2021\/04\/0002050113968_img-290x300.jpg","resumo":"Time ganha um meia e um atacante para o restante do campeonato; L\u00e9o Cond\u00e9 repete escala\u00e7\u00e3o"},"617154":{"titulo":"S\u00e9rie B: Rec\u00e9m-contratado, Roger far\u00e1 estreia pelo Bahia diante do Cear\u00e1","link":"https:\/\/www.futebolinterior.com.br\/serie-b-recem-contratado-roger-fara-estreia-pelo-bahia-diante-do-ceara\/","chapeu":"CHANCE DELE!","data":"14\/09\/2015","imagem":"https:\/\/images.futebolinterior.com.br\/2021\/04\/0002050113959_img-300x177.jpg","resumo":"O centroavante, que foi apresentado na \u00faltima sexta-feira, antes do jogo com o Bragantino, substituir\u00e1 Kieza, artilheiro da equipe suspenso pelo terceiro amarelo"},"617165":{"titulo":"S\u00e9rie B: Sem Fernandes, t\u00e9cnico do Paran\u00e1 deve promover estreia de H\u00e9lder, ex-Coxa","link":"https:\/\/www.futebolinterior.com.br\/serie-b-sem-fernandes-tecnico-do-parana-deve-promover-estreia-de-helder-ex-coxa\/","chapeu":"A 1\u00aa VEZ!","data":"14\/09\/2015","imagem":"https:\/\/images.futebolinterior.com.br\/2021\/04\/0002050113955_img-300x212.jpg","resumo":"O volante foi regularizado no Boletim Informativo Di\u00e1rio (BID) da CBF e pode estrear pelo clube paranista, assim como Rosinei, que tamb\u00e9m veio do rival Coritiba"},"617184":{"titulo":"S\u00e9rie B: Mesmo com problemas na zaga, Vit\u00f3ria vai pra cima do Mogi","link":"https:\/\/www.futebolinterior.com.br\/serie-b-mesmo-com-problemas-na-zaga-vitoria-vai-pra-cima-do-mogi\/","chapeu":"SEM MISERIC\u00d3RIDA","data":"14\/09\/2015","imagem":"https:\/\/images.futebolinterior.com.br\/2021\/04\/0002050113933_img-178x300.jpg","resumo":"T\u00e9cnico Vagner Mancini vai esperar a defini\u00e7\u00e3o do DM para escalar o time"},"617390":{"titulo":"Chamem um napole\u00e3o de hosp\u00edcio","link":"https:\/\/www.futebolinterior.com.br\/chamem-um-napoleao-de-hospicio\/","chapeu":"OPINI\u00c3O","data":"14\/09\/2015","imagem":"https:\/\/images.futebolinterior.com.br\/2021\/04\/0002050113926_img.jpg","resumo":"A televis\u00e3o est\u00e1 no seu limite. Na \u00faltima renova\u00e7\u00e3o dos contratos, a Plim-Plim deu b\u00f4nus aos grandes clubes. Houve b\u00f4nus de mais de 40 milh\u00f5es. Torraram tudo. Alguns j\u00e1 tiveram redu\u00e7\u00e3o de cotas e os sinais s\u00e3o de que os contratos futuros "},"617208":{"titulo":"S\u00e9rie B: Centroavante Serginho defalca Mogi contra o Vit\u00f3ria","link":"https:\/\/www.futebolinterior.com.br\/serie-b-centroavante-serginho-defalca-mogi-contra-o-vitoria\/","chapeu":"NA DEGOLA","data":"14\/09\/2015","imagem":"https:\/\/images.futebolinterior.com.br\/2021\/04\/0002050113915_img-300x227.jpg","resumo":"Atacante levou o terceiro cart\u00e3o amarelo na derrota para o Botafogo; J\u00fanior Juazeiro \u00e9 op\u00e7\u00e3o"},"617235":{"titulo":"Bragantino confirma o empr\u00e9stimo do atacante Lincom ao Corinthians","link":"https:\/\/www.futebolinterior.com.br\/bragantino-confirma-o-emprestimo-do-atacante-lincom-ao-corinthians\/","chapeu":"CONFIRMADO","data":"14\/09\/2015","imagem":"https:\/\/images.futebolinterior.com.br\/2021\/04\/0002050113898_img-300x169.jpg","resumo":"Lincom chega ao Corinthians para resolver um problema de falta de pe\u00e7as para atuar como centroavante"},"617304":{"titulo":"Sele\u00e7\u00e3o da S\u00e9rie B vem com esquema moderno e treinador da nova gera\u00e7\u00e3o","link":"https:\/\/www.futebolinterior.com.br\/selecao-da-serie-b-vem-com-esquema-moderno-e-treinador-da-nova-geracao\/","chapeu":"S\u00d3 CRAQUES!","data":"13\/09\/2015","imagem":"https:\/\/images.futebolinterior.com.br\/2021\/04\/0002050113847_img-300x200.jpg","resumo":"L\u00e9o Cond\u00e9 foi o escolhido para comandar a sele\u00e7\u00e3o com tr\u00eas meias"},"617509":{"titulo":"Maca\u00e9 1 x 1 Crici\u00fama - Cada time mandou num tempo, mas o Maca\u00e9 agora teme amea\u00e7a de queda na S\u00e9rie B","link":"https:\/\/www.futebolinterior.com.br\/macae-1-x-1-criciuma-cada-time-mandou-num-tempo-mas-o-macae-agora-teme-ameaca-de-queda-na-serie-b\/","chapeu":"EMPATE PERIGOSO","data":"12\/09\/2015","imagem":0,"resumo":"Fechada a 25.\u00aa rodada, o Maca\u00e9 soma 29 pontos e ocupa a 15.\u00aa posi\u00e7\u00e3o, enquanto o Crici\u00fama, com 33 pontos, \u00e9 o 11.\u00ba colocado, mas tem um jogo a menos - contra o Atl\u00e9tico-GO."},"617514":{"titulo":"S\u00c9RIE B: Sampaio chega no Vit\u00f3ria, Am\u00e9rica-MG engrena e Santa Cruz encosta no G4","link":"https:\/\/www.futebolinterior.com.br\/serie-b-sampaio-chega-no-vitoria-america-mg-engrena-e-santa-cruz-encosta-no-g4\/","chapeu":"EMBOLOU!","data":"12\/09\/2015","imagem":"https:\/\/images.futebolinterior.com.br\/2021\/04\/0002050113533_img-300x182.jpg","resumo":"Na zona de rebaixamento, Cear\u00e1, Boa Esporte, ABC e Mogi Mirim se complicaram"}}