{"1833781":{"titulo":"Botafogo n\u00e3o perdeu com ex-atacante da Ponte Preta em campo","link":"https:\/\/www.futebolinterior.com.br\/botafogo-nao-perdeu-com-ex-atacante-da-ponte-preta-em-campo\/","chapeu":"O CARA","data":"12\/05\/2023","imagem":"https:\/\/images.futebolinterior.com.br\/2023\/05\/junior-santos-derrubado-cassio-300x205.jpg","resumo":"Pedido de Luis Castro, J\u00fanior Santos tem sete vit\u00f3rias e um empate nesta sua segunda passagem pelo Botafogo"},"1833649":{"titulo":"STJD prev\u00ea suspens\u00e3o de 2 anos e multa de R$ 100 mil a atletas condenados em esquema de apostas","link":"https:\/\/www.futebolinterior.com.br\/stjd-preve-suspensao-2-anos-apostas\/","chapeu":"PUNI\u00c7\u00c3O","data":"12\/05\/2023","imagem":"https:\/\/images.futebolinterior.com.br\/2023\/05\/stjd-300x198.jpg","resumo":""},"1833687":{"titulo":"Elenco do Athletico admite abalo com afastamento de jogadores: 'Dia dif\u00edcil'","link":"https:\/\/www.futebolinterior.com.br\/elenco-do-athletico-admite-abalo-com-afastamento-de-jogadores-dia-dificil\/","chapeu":"COMPLICADO","data":"12\/05\/2023","imagem":"https:\/\/images.futebolinterior.com.br\/2023\/05\/pedrinho-300x185.jpg","resumo":""},"1833660":{"titulo":"Presidente do Am\u00e9rica-MG garante puni\u00e7\u00e3o a envolvidos em manipula\u00e7\u00e3o: 'N\u00e3o podemos aceitar'","link":"https:\/\/www.futebolinterior.com.br\/presidente-do-america-mg-garante-punicao-a-envolvidos-em-manipulacao-nao-podemos-aceitar\/","chapeu":"VERGONHA","data":"12\/05\/2023","imagem":"https:\/\/images.futebolinterior.com.br\/2023\/05\/america-mg-300x184.jpg","resumo":""},"1833651":{"titulo":"Corinthians nunca perdeu para o S\u00e3o Paulo na Neo Qu\u00edmica Arena. Veja os n\u00fameros!","link":"https:\/\/www.futebolinterior.com.br\/corinthians-nunca-perdeu-para-o-sao-paulo-na-neo-quimica-arena-veja-os-numeros\/","chapeu":"TABU","data":"12\/05\/2023","imagem":"https:\/\/images.futebolinterior.com.br\/2023\/04\/CORINTHIANS-ROGER-scaled-e1682568144341-300x169.jpeg","resumo":""},"1833641":{"titulo":"Fluminense \u00e9 multado em mais de R$40 mil por infra\u00e7\u00f5es na Libertadores","link":"https:\/\/www.futebolinterior.com.br\/fluminense-multado-conmebol\/","chapeu":"PUNIDO","data":"12\/05\/2023","imagem":"https:\/\/images.futebolinterior.com.br\/2023\/05\/fluminenseee-300x264.jpg","resumo":"O Fluminense foi punido com multa pela Conmebol por infra\u00e7\u00f5es na partida contra o The Strongest, pela Fase de Grupos da Libertadores"},"1833626":{"titulo":"Lateral do Botafogo revela ter sido abordado para participar de esquema de apostas","link":"https:\/\/www.futebolinterior.com.br\/lateral-do-botafogo-revela-ter-sido-abordado-para-participar-de-esquema-de-apostas\/","chapeu":"OLHA S\u00d3","data":"12\/05\/2023","imagem":"https:\/\/images.futebolinterior.com.br\/2023\/03\/MARCAL-300x218.png","resumo":""},"1833549":{"titulo":"Dorival sobre esquema de apostas: '\u00c9 preciso investigar para depois apontar o dedo'","link":"https:\/\/www.futebolinterior.com.br\/dorival-sobre-esquema-de-apostas-e-preciso-investigar-para-depois-apontar-o-dedo\/","chapeu":"CAUTELA","data":"12\/05\/2023","imagem":"https:\/\/images.futebolinterior.com.br\/2021\/10\/SP_RubensChiri_01_ori1-300x187.jpg","resumo":"\"Prefiro aguardar. N\u00e3o h\u00e1 comprova\u00e7\u00e3o de nada, mas se for comprovado naturalmente os envolvidos dever\u00e3o ser punidos. Vivemos no Pa\u00eds da impunidade.\""},"1833551":{"titulo":"T\u00e9cnico do Fortaleza explica o rod\u00edzio. Veja a coletiva!","link":"https:\/\/www.futebolinterior.com.br\/tecnico-do-fortaleza-explica-o-rodizio-veja-a-coletiva\/","chapeu":"VEJA V\u00cdDEO","data":"12\/05\/2023","imagem":"https:\/\/images.futebolinterior.com.br\/2023\/05\/Fortaleza-Vovjda-coletiva-TV-Leao-300x143.jpg","resumo":"Dois anos e um dia na frente do Fortaleza, o t\u00e9cnico argentino continua com moral elevado. Pr\u00f3ximo jogo ser\u00e1 contra o Gr\u00eamio"},"1833524":{"titulo":"Sele\u00e7\u00e3o FI da 5\u00aa rodada do Brasileir\u00e3o tem F\u00e1bio, Raphael Veiga, Tiquinho e mais...","link":"https:\/\/www.futebolinterior.com.br\/selecao-fi-da-5a-rodada-do-brasileirao-tem-fabio-raphael-veiga-tiquinho-e-mais\/","chapeu":"VEJA!","data":"11\/05\/2023","imagem":"https:\/\/images.futebolinterior.com.br\/2023\/05\/52888017151_972f051d55_c-300x200.jpg","resumo":""}}