{"1844410":{"titulo":"Advogados de Bauerman solicitam devolu\u00e7\u00e3o do aparelho celular antes do julgamento no STJD","link":"https:\/\/www.futebolinterior.com.br\/advogados-de-bauerman-solicitam-devolucao-do-aparelho-celular-antes-do-julgamento-no-stjd\/","chapeu":"VIX","data":"29\/05\/2023","imagem":"https:\/\/images.futebolinterior.com.br\/2023\/05\/20230511103321_bauermann-1-1--300x201.jpg","resumo":"Segundo o zagueiro e sua defesa, no aparelho de celular apreendido, tamb\u00e9m tem provas que podem inocentar o atleta"},"1844370":{"titulo":"S\u00e3o Paulo tenta a contrata\u00e7\u00e3o do atacante Marinho, afastado do Flamengo","link":"https:\/\/www.futebolinterior.com.br\/sao-paulo-negocia-marinho-flamengo\/","chapeu":"INTERESSADO","data":"29\/05\/2023","imagem":"https:\/\/images.futebolinterior.com.br\/2023\/05\/MARINHO7-300x233.jpg","resumo":"O S\u00e3o Paulo iniciou conversas para negociar a contrata\u00e7\u00e3o do atacante Marinho, que atualmente pertence ao Flamengo"},"1844348":{"titulo":"Flamengo multa e afasta Marinho por indisciplina em semana decisiva de Copa do Brasil","link":"https:\/\/www.futebolinterior.com.br\/flamengo-multa-e-afasta-marinho\/","chapeu":"AFASTADO!","data":"29\/05\/2023","imagem":"https:\/\/images.futebolinterior.com.br\/2023\/03\/imagem_2023-03-23_163627107_Easy-Resize.com_-300x200.jpg","resumo":"Nesta segunda, o Flamengo informou que o atacante foi multado e vai passar a treinar em hor\u00e1rios alternativos por tempo indeterminado"},"1844309":{"titulo":"Abel Ferreira pode ser punido pelo STJD por ter tomado celular da m\u00e3o de jornalista","link":"https:\/\/www.futebolinterior.com.br\/abel-ferreira-pode-ser-punido-pelo-stjd-por-ter-tomado-celular-da-mao-de-jornalista\/","chapeu":"PUNI\u00c7\u00c3O","data":"29\/05\/2023","imagem":"https:\/\/images.futebolinterior.com.br\/2023\/05\/FB_IMG_1685377967486-300x169.jpg","resumo":"Segundo relatos, o treinador do Palmeiras n\u00e3o estava na confus\u00e3o com o \u00e1rbitro e apenas queria presentar o quarto \u00e1rbitro com uma camisa do clube"},"1844287":{"titulo":"R\u00f3ger Guedes faz metade dos gols do Corinthians e fica perto de recorde na Neo Qu\u00edmica Arena","link":"https:\/\/www.futebolinterior.com.br\/roger-guedes-metade-gols-corinhtians\/","chapeu":"GOLEADOR","data":"29\/05\/2023","imagem":"https:\/\/images.futebolinterior.com.br\/2023\/05\/roger-guedes-300x215.jpg","resumo":""},"1844243":{"titulo":"Furto de cabeamento faz S\u00e3o Paulo adiar apresenta\u00e7\u00e3o de Pato","link":"https:\/\/www.futebolinterior.com.br\/furto-de-cabeamento-faz-sao-paulo-adiar-apresentacao-de-pato\/","chapeu":"AT\u00c9 ISSO ?","data":"29\/05\/2023","imagem":"https:\/\/images.futebolinterior.com.br\/2023\/05\/gazeta-press-foto-1371125.jpg_554688468-e1685372555196-300x197.webp","resumo":"Por causa do crime, n\u00e3o h\u00e1 sinal de telefone e internet, o que dificultaria o atendimento \u00e0 imprensa. Evento remarcado 13h de ter\u00e7a-feira."},"1844265":{"titulo":"Yuri Alberto desperta interesse do Everton, da Inglaterra","link":"https:\/\/www.futebolinterior.com.br\/yuri-alberto-desperta-interesse0everton\/","chapeu":"SONDADO","data":"29\/05\/2023","imagem":"https:\/\/images.futebolinterior.com.br\/2023\/05\/yuri-alberto25-300x202.jpg","resumo":"O centroavante Yuri Alberto, do Corinthians, despertou interesse do Everton, clube da primeira divis\u00e3o inglesa"},"1844253":{"titulo":"Abel avalia empate do Palmeiras: ''Tendo em conta as condi\u00e7\u00f5es, foi um bom espet\u00e1culo''","link":"https:\/\/www.futebolinterior.com.br\/abel-avalia-empate-palmeiras\/","chapeu":"AN\u00c1LISE","data":"29\/05\/2023","imagem":"https:\/\/images.futebolinterior.com.br\/2023\/05\/abel-palmeiras2-300x168.jpg","resumo":""},"1844215":{"titulo":"Avi\u00e3o comprado por Leila para Palmeiras deve chegar ao Brasil no dia 10 e ser\u00e1 branco e azul","link":"https:\/\/www.futebolinterior.com.br\/aviao-comprado-leila-palmeiras\/","chapeu":"NOVIDADE","data":"29\/05\/2023","imagem":"https:\/\/images.futebolinterior.com.br\/2023\/05\/leila-palmeiras23-300x219.jpg","resumo":""},"1844152":{"titulo":"Abel toma celular de jornalista que filmou 'choradeira' do Palmeiras","link":"https:\/\/www.futebolinterior.com.br\/abel-toma-celular-de-jornalista-que-filmou-choradeira-do-palmeiras\/","chapeu":"ISSO N\u00c3O !","data":"29\/05\/2023","imagem":"https:\/\/images.futebolinterior.com.br\/2023\/05\/atletico-palmeiras-2023-e1685329474660-300x180.jpg","resumo":"Rep\u00f3rter que filmava uma reclama\u00e7\u00e3o do diretor de futebol do Palmeiras, Anderson Barros, com o quarto \u00e1rbitro Ronei C\u00e2ndido Alve"}}