{"1844611":{"titulo":"Com novo brilho de J\u00fanior Santos, Botafogo segue na lideran\u00e7a","link":"https:\/\/www.futebolinterior.com.br\/com-novo-brilho-de-junior-santos-botafogo-segue-na-lideranca\/","chapeu":"EM ALTA","data":"29\/05\/2023","imagem":"https:\/\/images.futebolinterior.com.br\/2023\/05\/junior-santos-botafogo-comemoracao-e1685412834251-300x185.jpg","resumo":"J\u00fanior Santos marcou o gol que abriu caminho para a vit\u00f3ria do Botafogo sobre o Am\u00e9rica-MG"},"1844599":{"titulo":"C\u00e1ssio destaca import\u00e2ncia da volta de Renato Augusto: 'Vai agregar bastante'","link":"https:\/\/www.futebolinterior.com.br\/cassio-destaca-importancia-volta-ra8\/","chapeu":"FELIZ!","data":"29\/05\/2023","imagem":"https:\/\/images.futebolinterior.com.br\/2023\/05\/imagem_2023-05-29_193750716-300x170.png","resumo":"O goleiro C\u00e1ssio disse estar feliz com a volta do companheiro, mas tamb\u00e9m lamentou a les\u00e3o sofrida por Paulinho anteriormente"},"1844596":{"titulo":"De f\u00e9rias no Brasil, Gustavo Scarpa visita ex-companheiros de Palmeiras. V\u00cdDEO!","link":"https:\/\/www.futebolinterior.com.br\/de-ferias-no-brasil-gustavo-scarpa-visita-ex-companheiros-de-palmeiras-video\/","chapeu":"VISITA ILUSTRE","data":"29\/05\/2023","imagem":"https:\/\/images.futebolinterior.com.br\/2023\/05\/scapa-abel-300x141.jpg","resumo":"Gustavo Scarpa foi o principal jogador do Palmeiras na conquista do 11\u00ba campeonato Brasileiro"},"1844589":{"titulo":"Guga lamenta aus\u00eancia de gols no Fluminense: 'Cria e n\u00e3o est\u00e1 aproveitando'","link":"https:\/\/www.futebolinterior.com.br\/guga-fluminense-ausencia-gols\/","chapeu":"M\u00c1 FASE?","data":"29\/05\/2023","imagem":"https:\/\/images.futebolinterior.com.br\/2023\/05\/imagem_2023-05-29_191258835-300x166.png","resumo":"O lateral direito Guga, que atuou do lado esquerdo no domingo (28), comentou sobre a falta de oportunismo nas finaliza\u00e7\u00f5es"},"1844580":{"titulo":"Corinthians faz oferta por meia Mat\u00edas Rojas, do Racing-ARG","link":"https:\/\/www.futebolinterior.com.br\/corinthians-faz-oferta-por-meia-matias-rojas-do-racing-arg\/","chapeu":"PROPOSTA","data":"29\/05\/2023","imagem":"https:\/\/images.futebolinterior.com.br\/2023\/05\/racing-corinthians-300x126.jpg","resumo":"O Tim\u00e3o tem a concorr\u00eancia do Botafogo, que tamb\u00e9m sonha com o atleta."},"1844573":{"titulo":"Santos avan\u00e7a em negocia\u00e7\u00e3o de venda de a\u00e7\u00f5es com empresa do Catar","link":"https:\/\/www.futebolinterior.com.br\/santos-avanca-negociacao-acoes-qsi\/","chapeu":"SAF?","data":"29\/05\/2023","imagem":"https:\/\/images.futebolinterior.com.br\/2023\/05\/imagem_2023-05-29_185353191-300x194.png","resumo":"Santos e Qatar Sports Investments negociam a poss\u00edvel venda e compra de a\u00e7\u00f5es do clube nos pr\u00f3ximos meses"},"1844532":{"titulo":"Sele\u00e7\u00e3o FI da 8\u00aa rodada do Brasileir\u00e3o chega com quinteto paulista","link":"https:\/\/www.futebolinterior.com.br\/selecao-fi-da-8a-rodada-do-brasileirao-chega-com-quinteto-paulista\/","chapeu":"S\u00d3 CRAQUE","data":"29\/05\/2023","imagem":"https:\/\/images.futebolinterior.com.br\/2023\/05\/SP-Selecao-FI-e1685394320913-300x291.jpg","resumo":"Por isso, a Sele\u00e7\u00e3o FI da oitava rodada chega com destaques destas partidas, que s\u00e3o a base desta verdadeira m\u00e1quina de futebol"},"1844495":{"titulo":"Facilitador de jogadas e for\u00e7a mental: saiba por que Renato Augusto \u00e9 crucial no Corinthians","link":"https:\/\/www.futebolinterior.com.br\/facilitador-de-jogadas-e-forca-mental-saiba-por-que-renato-augusto-e-crucial-no-corinthians\/","chapeu":"JOGA MUITO","data":"29\/05\/2023","imagem":"https:\/\/images.futebolinterior.com.br\/2023\/04\/Renato-Augusto-tem-lesao-confirmada_Easy-Resize.com_-300x224.jpg","resumo":"Aos 35 anos, Renato Augusto convive com problemas f\u00edsicos desde que retornou ao futebol brasileiro, em 2021"},"1844476":{"titulo":"Abel Ferreira liga para jornalista e se desculpa por tomar seu celular ap\u00f3s jogo do Palmeiras","link":"https:\/\/www.futebolinterior.com.br\/abel-ferreira-liga-jornalista-desculpas\/","chapeu":"DESCULPAS","data":"29\/05\/2023","imagem":"https:\/\/images.futebolinterior.com.br\/2023\/05\/abel-ferreiraaaa-300x185.jpg","resumo":"Depois do empate em 1 a 1 entre Palmeiras e Atl\u00e9tico-MG, Abel Ferreira gerou uma pol\u00eamica no t\u00fanel de acesso aos vesti\u00e1rios"},"1844444":{"titulo":"Odair opina sobre perman\u00eancia de Soteldo no Santos: ''Depende de outros fatores''","link":"https:\/\/www.futebolinterior.com.br\/odair-opina-permancenia-soteldo\/","chapeu":"DEU AVAL","data":"29\/05\/2023","imagem":"https:\/\/images.futebolinterior.com.br\/2023\/05\/soteldo-1-300x186.jpg","resumo":"O t\u00e9cnico Odair Hellmann se posicionou sobre a poss\u00edvel perman\u00eancia de Soteldo no Santos"}}