{"1507867":{"titulo":"RB Bragantino 3 x 0 Fortaleza - Para afastar a fase ruim!","link":"https:\/\/www.futebolinterior.com.br\/rb-bragantino-3-x-0-fortaleza-para-afastar-a-fase-ruim\/","chapeu":"GOLEADA","data":"13\/11\/2021","imagem":"https:\/\/images.futebolinterior.com.br\/2021\/11\/red-bull-bragantino-fortaleza-brasileirao1-300x223.jpg","resumo":""},"1507835":{"titulo":"Am\u00e9rica-MG 3 x 1 Gr\u00eamio - Um salto para o G6 e um novo prego no caix\u00e3o para a S\u00e9rie B!","link":"https:\/\/www.futebolinterior.com.br\/america-mg-3-x-1-gremio-um-salto-para-o-g6-e-um-novo-prego-no-caixao-para-a-serie-b\/","chapeu":"G6 \u00c9 ALI","data":"13\/11\/2021","imagem":"https:\/\/images.futebolinterior.com.br\/2021\/11\/america-1-300x226.jpg","resumo":"Am\u00e9rica ficou a tr\u00eas pontos da zona da Libertadores"},"1507806":{"titulo":"Atl\u00e9tico-GO 0 x 0 Santos - Coitado de quem foi ao est\u00e1dio!","link":"https:\/\/www.futebolinterior.com.br\/atletico-go-0-x-0-santos-coitado-de-quem-foi-ao-estadio\/","chapeu":"DEU SONO","data":"13\/11\/2021","imagem":"https:\/\/images.futebolinterior.com.br\/2021\/11\/atletico-go-santos-brasileirao-300x243.jpg","resumo":""},"1507725":{"titulo":"Palmeiras finaliza prepara\u00e7\u00e3o com bolas paradas e viaja para enfrentar Fluminense","link":"https:\/\/www.futebolinterior.com.br\/palmeiras-finaliza-preparacao-com-bolas-paradas-e-viaja-para-enfrentar-fluminense\/","chapeu":"PRONTO","data":"13\/11\/2021","imagem":"https:\/\/images.futebolinterior.com.br\/2021\/10\/Scarpa-e-Veiga-300x210.png","resumo":"Scarpa e Veiga s\u00e3o nomes importantes para a fun\u00e7\u00e3o"},"1507710":{"titulo":"Rog\u00e9rio Ceni projeta a\u00e7\u00f5es do Flamengo e encerra prepara\u00e7\u00e3o do S\u00e3o Paulo","link":"https:\/\/www.futebolinterior.com.br\/rogerio-ceni-projeta-acoes-do-flamengo-e-encerra-preparacao-do-sao-paulo\/","chapeu":"TUDO PRONTO!","data":"13\/11\/2021","imagem":"https:\/\/images.futebolinterior.com.br\/2021\/11\/SP_RubensChiri_08_ori-300x186.jpg","resumo":"Ceni vai reencontrar o Flamengo"},"1507676":{"titulo":"Torcedores de time do Brasileir\u00e3o amea\u00e7am matar \u00e1rbitros ap\u00f3s confus\u00e3o com o VAR","link":"https:\/\/www.futebolinterior.com.br\/torcedores-de-time-do-brasileirao-ameacam-matar-arbitros-apos-confusao-com-o-var\/","chapeu":"CLIM\u00c3O","data":"13\/11\/2021","imagem":"https:\/\/images.futebolinterior.com.br\/2021\/11\/Faixa-e1636821338938-300x187.jpeg","resumo":""},"1507432":{"titulo":"Fluminense x Palmeiras - Tricolor Carioca tenta segurar o embalado Verd\u00e3o","link":"https:\/\/www.futebolinterior.com.br\/fluminense-x-palmeiras-tricolor-carioca-tenta-segurar-o-embalado-verdao\/","chapeu":"JOGO BOM","data":"13\/11\/2021","imagem":"https:\/\/images.futebolinterior.com.br\/2021\/11\/5f32e27c626ea-300x188.webp","resumo":"Jogo \u00e9 neste domingo, \u00e0s 18h15, no Maracan\u00e3"},"1507354":{"titulo":"S\u00e3o Paulo x Flamengo - O reencontro de Rog\u00e9rio Ceni com seu ex-clube","link":"https:\/\/www.futebolinterior.com.br\/sao-paulo-x-flamengo-o-reencontro-de-rogerio-ceni-com-seu-ex-clube\/","chapeu":"NO MORUMBI","data":"13\/11\/2021","imagem":"https:\/\/images.futebolinterior.com.br\/2021\/11\/5fac8ac285fa4-300x188.webp","resumo":"Treinador foi campe\u00e3o brasileiro no comando da equipe carioca na \u00faltima temporada"},"1507402":{"titulo":"Cear\u00e1 x Sport - Em objetivos distintos, Voz\u00e3o quer seguir l\u00e1 em cima e Le\u00e3o s\u00f3 pensa na perman\u00eancia","link":"https:\/\/www.futebolinterior.com.br\/ceara-x-sport-em-objetivos-distintos-vozao-quer-seguir-la-em-cima-e-leao-so-pensa-na-permanencia\/","chapeu":"PROMETE","data":"13\/11\/2021","imagem":"https:\/\/images.futebolinterior.com.br\/2021\/11\/Sport-sabn-300x200.jpg","resumo":""},"1507549":{"titulo":"Chapecoense x Juventude - Rebaixado com anteced\u00eancia, Chape reencontra Jair Ventura","link":"https:\/\/www.futebolinterior.com.br\/chapecoense-x-juventude-rebaixado-com-antecedencia-chape-reencontra-jair-ventura\/","chapeu":"L\u00c1 EMBAIXO","data":"13\/11\/2021","imagem":"https:\/\/images.futebolinterior.com.br\/2021\/11\/jair_ventura_juventude-1-300x200.jpg","resumo":""}}