{"1508613":{"titulo":"Athletico-PR x Atl\u00e9tico-MG - Galo tenta aproveitar 'desinteresse' do Furac\u00e3o para se aproximar do t\u00edtulo!","link":"https:\/\/www.futebolinterior.com.br\/athletico-pr-x-atletico-mg-galo-tenta-aproveitar-desinteresse-do-furacao-para-dar-outro-passo-rumo-ao-titulo\/","chapeu":"MOLEZA?","data":"15\/11\/2021","imagem":"https:\/\/images.futebolinterior.com.br\/2021\/11\/AtlxCor_Bruno-Cantini_01_ori-1-e1637072343386-300x267.jpg","resumo":"Galo vai pegar o time reserva do Furac\u00e3o"},"1508606":{"titulo":"De olho na final da Sul-americana, Athletico-PR jogar\u00e1 com reservas diante do l\u00edder Atl\u00e9tico-MG","link":"https:\/\/www.futebolinterior.com.br\/de-olho-na-final-da-sul-americana-athletico-pr-jogara-com-reservas-diante-do-lider-atletico-mg\/","chapeu":"POUPADOS!","data":"15\/11\/2021","imagem":"https:\/\/images.futebolinterior.com.br\/2021\/11\/athletico-300x167.jpg","resumo":"Clube paranaense se prepara para a final da Copa Sul-americana no pr\u00f3ximo s\u00e1bado contra o Red Bull Bragantino"},"1508578":{"titulo":"Treinador do Am\u00e9rica-MG pede p\u00e9s no ch\u00e3o sobre vaga \u00e0 Libertadores","link":"https:\/\/www.futebolinterior.com.br\/treinador-do-america-mg-pede-pes-no-chao-sobre-vaga-a-libertadores\/","chapeu":"CALMA","data":"15\/11\/2021","imagem":"https:\/\/images.futebolinterior.com.br\/2022\/02\/marquinhos-santos-treinador-america-mg-e1645588132439-300x211.jpg","resumo":""},"1508566":{"titulo":"Duas boas not\u00edcias! Al\u00e9m da venda de eterna promessa, Corinthians tem refor\u00e7o de ex-sele\u00e7\u00e3o","link":"https:\/\/www.futebolinterior.com.br\/duas-boas-noticias-alem-da-venda-de-eterna-promessa-corinthians-tem-reforco-de-ex-selecao\/","chapeu":"POSITIVO!","data":"15\/11\/2021","imagem":"https:\/\/images.futebolinterior.com.br\/2021\/11\/willian-corinthians-300x202.jpg","resumo":"Willian treinou normalmente com o grupo e pode ser relacionado para a partida contra o Flamengo"},"1508561":{"titulo":"L\u00edder, Atl\u00e9tico-MG ter\u00e1 mudan\u00e7as e Dod\u00f4 pede aten\u00e7\u00e3o ao finalista da Copa do Brasil e da Sul-americana","link":"https:\/\/www.futebolinterior.com.br\/lider-atletico-mg-tera-mudancas-e-dodo-pede-atencao-ao-finalista-da-copa-do-brasil-e-da-sul-americana\/","chapeu":"GALO ATENTO!","data":"15\/11\/2021","imagem":"https:\/\/images.futebolinterior.com.br\/2021\/11\/dodo-atletico-mg-300x200.jpg","resumo":"Dod\u00f4 deve ser uma das novidades de Cuca"},"1508553":{"titulo":"Com reservas, Red Bull Bragantino enfrenta Gr\u00eamio no Sul","link":"https:\/\/www.futebolinterior.com.br\/com-reservas-red-bull-bragantino-enfrenta-gremio-no-sul\/","chapeu":"POUPANDO","data":"15\/11\/2021","imagem":"https:\/\/images.futebolinterior.com.br\/2021\/11\/santos-red-bull-bragantino-brasileirao1-300x216.jpg","resumo":""},"1508548":{"titulo":"Com um gol e sem nunca ter se firmado, Araos \u00e9 vendido pelo Corinthians por R$ 5,6 milh\u00f5es","link":"https:\/\/www.futebolinterior.com.br\/com-um-gol-e-sem-nunca-ter-se-firmado-araos-e-vendido-pelo-corinthians-por-r-56-milhoes\/","chapeu":"MENOS UM!","data":"15\/11\/2021","imagem":"https:\/\/images.futebolinterior.com.br\/2021\/11\/araos-corinthians-300x191.jpg","resumo":"Clube n\u00e3o confirma, mas a negocia\u00e7\u00e3o teria girado em torno de um milh\u00e3o de d\u00f3lares ou R$ 5,6 milh\u00f5es"},"1508538":{"titulo":"Diretoria do Gr\u00eamio banca treinador com 28% de aproveitamento","link":"https:\/\/www.futebolinterior.com.br\/diretoria-do-gremio-banca-treinador-com-28-de-aproveitamento\/","chapeu":"MORAL","data":"15\/11\/2021","imagem":"https:\/\/images.futebolinterior.com.br\/2021\/11\/vagner-mancini-treinador-gremio-300x213.jpg","resumo":""},"1508523":{"titulo":"BRASILEIR\u00c3O: Com l\u00edder em campo, dois jogos abrem a 33\u00aa rodada","link":"https:\/\/www.futebolinterior.com.br\/brasileirao-com-lider-em-campo-dois-jogos-abrem-a-33a-rodada\/","chapeu":"RETA FINAL","data":"15\/11\/2021","imagem":"https:\/\/images.futebolinterior.com.br\/2021\/11\/51661428397_a16f17a50f_k-300x200.jpg","resumo":"Galo vai at\u00e9 a Arena da Baixada duelar com o Furac\u00e3o"},"1508475":{"titulo":"Marc\u00e3o explica o que motivou a confus\u00e3o ap\u00f3s partida contra o Palmeiras: \"Desrespeitou a nossa camiseta\"","link":"https:\/\/www.futebolinterior.com.br\/marcao-explica-o-que-motivou-a-confusao-apos-partida-contra-o-palmeiras-desrespeitou-a-nossa-camiseta\/","chapeu":"TRETA","data":"15\/11\/2021","imagem":"https:\/\/images.futebolinterior.com.br\/2021\/11\/uploads_1570677051681-48873346046_e68e0fea59_k-300x169.jpg","resumo":"Fred acabou expulso ap\u00f3s o fim da partida e est\u00e1 suspenso para a pr\u00f3xima rodada"}}