{"1509085":{"titulo":"Torcida organizada do S\u00e3o Paulo vai ao CT para reuni\u00e3o com elenco, comiss\u00e3o e diretoria","link":"https:\/\/www.futebolinterior.com.br\/torcida-organizada-do-sao-paulo-vai-ao-ct-para-reuniao-com-elenco-comissao-e-diretoria\/","chapeu":"COBRAN\u00c7A","data":"16\/11\/2021","imagem":"https:\/\/images.futebolinterior.com.br\/2021\/11\/PINT2472_crop_galeria-300x193.jpg","resumo":""},"1509022":{"titulo":"Raphael Veiga reafirma sonho de jogar na sele\u00e7\u00e3o e 'ainda n\u00e3o pensa' no Flamengo","link":"https:\/\/www.futebolinterior.com.br\/raphael-veiga-reafirma-sonho-de-jogar-na-selecao-e-ainda-nao-pensa-no-flamengo\/","chapeu":"N\u00c3O DESISTIU","data":"16\/11\/2021","imagem":"https:\/\/images.futebolinterior.com.br\/2021\/11\/rapahel-veiga-300x159.png","resumo":"Decis\u00e3o da Libertadores contra o Rubro-negro ser\u00e1 no dia 27 de novembro, em Montevid\u00e9u "},"1508951":{"titulo":"Brasileiro: Dois super cl\u00e1ssicos neste meio de semana","link":"https:\/\/www.futebolinterior.com.br\/brasileiro-dois-super-classicos-neste-meio-de-semana\/","chapeu":"OPINI\u00c3O","data":"15\/11\/2021","imagem":"https:\/\/images.futebolinterior.com.br\/2021\/11\/flamengo-300x254.jpg","resumo":"Palmeiras e S\u00e3o Paulo v\u00e3o se enfrentar no Allianz Arena, enquanto o Corinthians tem novo desafio no Maracan\u00e3"},"1508904":{"titulo":"Gr\u00eamio x RB Bragantino - Imortal vai aproveitar a chance?","link":"https:\/\/www.futebolinterior.com.br\/gremio-x-rb-bragantino-imortal-vai-aproveitar-a-chance\/","chapeu":"AMEA\u00c7ADO","data":"15\/11\/2021","imagem":"https:\/\/images.futebolinterior.com.br\/2021\/11\/red-bull-bragantino-gremio-brasileirao-e1637072150407-300x150.jpg","resumo":""},"1508800":{"titulo":"S\u00e3o Paulo inicia prepara\u00e7\u00e3o para cl\u00e1ssico contra o Palmeiras; Luan treina","link":"https:\/\/www.futebolinterior.com.br\/sao-paulo-inicia-preparacao-para-classico-contra-o-palmeiras-luan-treina\/","chapeu":"VAI QUE VAI","data":"15\/11\/2021","imagem":"https:\/\/images.futebolinterior.com.br\/2021\/11\/LUAN-1-300x186.jpeg","resumo":""},"1508854":{"titulo":"Sele\u00e7\u00e3o FI da 32\u00aa rodada do Brasileir\u00e3o tem base de Bragantino e Am\u00e9rica-MG","link":"https:\/\/www.futebolinterior.com.br\/selecao-fi-da-32a-rodada-do-brasileirao-tem-base-de-bragantino-e-america-mg\/","chapeu":"SURPRESA?","data":"15\/11\/2021","imagem":"https:\/\/images.futebolinterior.com.br\/2021\/11\/HELINHO-e1637072262405-300x260.jpg","resumo":""},"1508810":{"titulo":"Jogo? Que nada! Torcida lota CT e apoia Fortaleza em treino antes do Cl\u00e1ssico-Rei","link":"https:\/\/www.futebolinterior.com.br\/jogo-que-nada-torcida-lota-ct-e-apoia-fortaleza-em-treino-antes-do-classico-rei\/","chapeu":"BONITO","data":"15\/11\/2021","imagem":"https:\/\/images.futebolinterior.com.br\/2021\/11\/fortaleza-2-e1637019438171-300x158.jpg","resumo":""},"1508736":{"titulo":"Santos deve ter Marinho contra Chapecoense para encaminhar perman\u00eancia na S\u00e9rie A","link":"https:\/\/www.futebolinterior.com.br\/santos-deve-ter-marinho-contra-chapecoense-para-encaminhar-permanencia-na-serie-a\/","chapeu":"BOA NOT\u00cdCIA","data":"15\/11\/2021","imagem":"https:\/\/images.futebolinterior.com.br\/2021\/11\/Screenshot_8-4-300x171.jpg","resumo":""},"1508652":{"titulo":"Com retorno de laterais, Palmeiras treina para o cl\u00e1ssico contra S\u00e3o Paulo","link":"https:\/\/www.futebolinterior.com.br\/com-retorno-de-laterais-palmeiras-treina-para-o-classico-contra-sao-paulo\/","chapeu":"NOVIDADES","data":"15\/11\/2021","imagem":"https:\/\/images.futebolinterior.com.br\/2021\/11\/Palmeiras-Treino-AbelFerreira-2021-300x169.jpg","resumo":""},"1508626":{"titulo":"Bruninho diz que n\u00e3o quer voltar a ver jogos do Santos na Vila: 'Trauma grande'","link":"https:\/\/www.futebolinterior.com.br\/bruninho-diz-que-nao-quer-voltar-a-ver-jogos-do-santos-na-vila-trauma-grande\/","chapeu":"TRISTE","data":"15\/11\/2021","imagem":"https:\/\/images.futebolinterior.com.br\/2021\/11\/tardelli-e-bruninho-1-300x300.jpg","resumo":"Menino foi hostilizado por torcedores ap\u00f3s receber camisa do goleiro Ja\u00edlson, do Palmeiras"}}