{"1509654":{"titulo":"Time de maior torcida do Brasil completa 126 anos de exist\u00eancia e funda\u00e7\u00e3o. Parab\u00e9ns, Flamengo!","link":"https:\/\/www.futebolinterior.com.br\/time-de-maior-torcida-do-brasil-completa-126-anos-de-existencia-e-fundacao-parabens-flamengo\/","chapeu":"GIGANTE!","data":"17\/11\/2021","imagem":"https:\/\/images.futebolinterior.com.br\/2021\/11\/mengo-300x226.png","resumo":"Atualmente, o Meng\u00e3o \u00e9 o vice-l\u00edder do Brasileir\u00e3o e finalista da Libertadores "},"1509632":{"titulo":"Robinson Castro \u00e9 reeleito presidente do Cear\u00e1","link":"https:\/\/www.futebolinterior.com.br\/robinson-castro-e-reeleito-presidente-do-ceara\/","chapeu":"SEGUE","data":"17\/11\/2021","imagem":"https:\/\/images.futebolinterior.com.br\/2021\/11\/img-20160225-wa0042-300x203.webp","resumo":"Ele comandar\u00e1 o clube at\u00e9 o fim de 2024"},"1509614":{"titulo":"Mais de 24 mil ingressos vendidos antecipadamente para o Cl\u00e1ssico-Rei","link":"https:\/\/www.futebolinterior.com.br\/mais-de-24-mil-ingressos-vendidos-antecipadamente-para-o-classico-rei\/","chapeu":"VAI LOTAR","data":"17\/11\/2021","imagem":"https:\/\/images.futebolinterior.com.br\/2021\/11\/castelaolotadocearabahiarecordepublicodiv-300x177.webp","resumo":"Promessa de casa cheia no cl\u00e1ssico"},"1509598":{"titulo":"Provoca\u00e7\u00f5es entre torcidas \u00e0s v\u00e9speras do Cl\u00e1ssico-Rei","link":"https:\/\/www.futebolinterior.com.br\/provocacoes-entre-torcidas-as-vesperas-do-classico-rei\/","chapeu":"TENSO","data":"17\/11\/2021","imagem":"https:\/\/images.futebolinterior.com.br\/2021\/11\/Galinha-morta-300x169.jpg","resumo":"Torcedores do Fortaleza provocaram o Voz\u00e3o, que respondeu com campanha"},"1508935":{"titulo":"Artur, presidente da ABRACE","link":"https:\/\/www.futebolinterior.com.br\/artur-presidente-da-abrace\/","chapeu":"OPINI\u00c3O","data":"17\/11\/2021","imagem":"https:\/\/images.futebolinterior.com.br\/2021\/11\/ARTUR-MILTON-ELCIO-ABRACE-2021-e1637026872575-300x169.jpeg","resumo":"Advogado por tradi\u00e7\u00e3o familiar e um jornalista esportivo, que ama o futebol brasileiro"},"1509535":{"titulo":"Na mira de clubes do Brasil e da Europa, meia pode deixar o Sport","link":"https:\/\/www.futebolinterior.com.br\/na-mira-de-clubes-do-brasil-e-da-europa-meia-pode-deixar-o-sport\/","chapeu":"DESTAQUE","data":"17\/11\/2021","imagem":"https:\/\/images.futebolinterior.com.br\/2021\/11\/gustavo-300x200.webp","resumo":"Jogador de apenas 19 anos tem sido um dos destaques da equipe"},"1509536":{"titulo":"Treinador de time do Brasileir\u00e3o ligou para Tite para sugerir convoca\u00e7\u00e3o de meio-campista","link":"https:\/\/www.futebolinterior.com.br\/treinador-de-time-do-brasileirao-ligou-para-tite-para-sugerir-convocacao-de-meio-campista\/","chapeu":"PODE ISSO?","data":"17\/11\/2021","imagem":"https:\/\/images.futebolinterior.com.br\/2021\/11\/Allan-300x203.png","resumo":"O comandante foi questionado em entrevista coletiva sobre o assunto, e revelou que entrou em contato com o t\u00e9cnico da sele\u00e7\u00e3o "},"1509537":{"titulo":"CBF admite erro de \u00e1rbitro em p\u00eanalti marcado para Flamengo contra Bahia","link":"https:\/\/www.futebolinterior.com.br\/cbf-admite-erro-de-arbitro-em-penalti-marcado-para-flamengo-contra-bahia\/","chapeu":"XIII","data":"17\/11\/2021","imagem":"https:\/\/images.futebolinterior.com.br\/2021\/11\/CBF-1-300x168.jpg","resumo":""},"1509393":{"titulo":"\"O VAR est\u00e1 apitando jogos\", diz presidente da associa\u00e7\u00e3o nacional dos \u00e1rbitros","link":"https:\/\/www.futebolinterior.com.br\/o-var-esta-apitando-jogos-diz-presidente-da-associacao-nacional-dos-arbitros\/","chapeu":"VIXI","data":"16\/11\/2021","imagem":"https:\/\/images.futebolinterior.com.br\/2021\/11\/var-jogo-300x200.jpg","resumo":""},"1509417":{"titulo":"R\u00e1dio Futebol Interior acompanha Santos x Chape com a R\u00e1dio News FM 102,9","link":"https:\/\/www.futebolinterior.com.br\/radio-futebol-interior-acompanha-santos-x-chape-com-a-radio-news-fm-1029\/","chapeu":"NOVA PARCERIA","data":"16\/11\/2021","imagem":"https:\/\/images.futebolinterior.com.br\/2021\/11\/011.-300x225.jpg","resumo":"Santos e Chapecoense v\u00e3o ser a atra\u00e7\u00e3o na R\u00e1dio Futebol Interior em parceria com a R\u00e1dio News FM"}}