{"1048111":{"titulo":"S\u00e3o Paulo precisa reencontrar o rumo ap\u00f3s t\u00edtulo, apontam \u00eddolos do passado","link":"https:\/\/www.futebolinterior.com.br\/sao-paulo-precisa-reencontrar-o-rumo-apos-titulo-apontam-idolos-do-passado\/","chapeu":"QUE PASSA?","data":"30\/06\/2021","imagem":"https:\/\/images.futebolinterior.com.br\/2021\/06\/ricardo-rocha-300x193.jpg","resumo":"S\u00e3o Paulo segue sem vencer no Brasileir\u00e3o"},"1048114":{"titulo":"Volante rescinde com o Cear\u00e1 e acerta com clube com nome dif\u00edcil de falar","link":"https:\/\/www.futebolinterior.com.br\/volante-rescinde-com-o-ceara-e-acerta-com-clube-com-nome-dificil-de-falar\/","chapeu":"ADEUS!","data":"30\/06\/2021","imagem":"https:\/\/images.futebolinterior.com.br\/2021\/06\/charles-300x200.jpg","resumo":"Charles fez 77 jogos pelo Voz\u00e3o e anotou tr\u00eas gols"},"1048065":{"titulo":"Sem vencer no Brasileir\u00e3o, S\u00e3o Paulo aposta nos argentinos diante do Corinthians","link":"https:\/\/www.futebolinterior.com.br\/sem-vencer-no-brasileirao-sao-paulo-aposta-nos-argentinos-diante-do-corinthians\/","chapeu":"TABU!","data":"30\/06\/2021","imagem":"https:\/\/images.futebolinterior.com.br\/2021\/06\/SP_RubensChiri_02_ori-300x180.jpg","resumo":"Argentinos s\u00e3o a principal esperan\u00e7a para o time quebrar o inc\u00f4modo jejum de quase oito anos sem vencer o rival fora de casa"},"1048071":{"titulo":"Sem perder na Vila neste Brasileir\u00e3o, Santos testa embalo contra o Sport","link":"https:\/\/www.futebolinterior.com.br\/sem-perder-na-vila-neste-brasileirao-santos-testa-embalo-contra-o-sport\/","chapeu":"EM ALTA!","data":"30\/06\/2021","imagem":"https:\/\/images.futebolinterior.com.br\/2021\/06\/vbvral9y-San_IvanStorti_03_ori-300x200.jpg","resumo":"Em quatro jogos na Vila neste Brasileir\u00e3o, o Santos s\u00f3 perdeu pontos no empate sem gols com o Juventude"},"1048072":{"titulo":"No frio, Gr\u00eamio visita Juventude para vencer a 1\u00aa e deixar a lanterna","link":"https:\/\/www.futebolinterior.com.br\/no-frio-gremio-visita-juventude-para-vencer-a-1a-e-deixar-a-lanterna\/","chapeu":"PRESS\u00c3O!","data":"30\/06\/2021","imagem":"https:\/\/images.futebolinterior.com.br\/2021\/06\/OBe2zJQC-Gre_LucasUebel_01_ori-300x169.jpg","resumo":"Com apenas dois pontos em 15 disputados, o Gr\u00eamio faz seu pior in\u00edcio de Brasileir\u00e3o na era dos pontos corridos"},"1048074":{"titulo":"Palmeiras quer aproveitar jejum do Inter no Beira-Rio e melhorar desempenho fora","link":"https:\/\/www.futebolinterior.com.br\/palmeiras-quer-aproveitar-jejum-do-inter-no-beira-rio-e-melhorar-desempenho-fora\/","chapeu":"INTRUSO!","data":"30\/06\/2021","imagem":"https:\/\/images.futebolinterior.com.br\/2021\/06\/Pal_CesarGreco_05_ori-300x280.jpg","resumo":"Palmeiras busca a recupera\u00e7\u00e3o fora de casa no Brasileir\u00e3o"},"1048075":{"titulo":"Fluminense aposta em veteranos para desbancar o vice-l\u00edder e voltar a vencer","link":"https:\/\/www.futebolinterior.com.br\/fluminense-aposta-em-veteranos-para-desbancar-o-vice-lider-e-voltar-a-vencer\/","chapeu":"VOV\u00d4S!","data":"30\/06\/2021","imagem":"https:\/\/images.futebolinterior.com.br\/2021\/06\/Fred_NelsonPerez_003_ori-e1625054540542-300x250.jpg","resumo":"Fluminense vem de dois empates com Fortaleza e Corinthians e derrota para o Atl\u00e9tico-GO"},"1048079":{"titulo":"CBF confirma a realiza\u00e7\u00e3o do Fla-Flu neste domingo para arena de Copa do Mundo","link":"https:\/\/www.futebolinterior.com.br\/cbf-confirma-a-realizacao-do-fla-flu-neste-domingo-para-arena-de-copa-do-mundo\/","chapeu":"FORA DO RJ!","data":"30\/06\/2021","imagem":"https:\/\/images.futebolinterior.com.br\/2021\/06\/Arena_SiteOficial_01_ori-300x300.jpg","resumo":"Prevaleceu a vontade de se jogar em um campo com um dos melhores gramados do pa\u00eds"},"1047809":{"titulo":"Corinthians x S\u00e3o Paulo - A luta por paz no Majestoso","link":"https:\/\/www.futebolinterior.com.br\/corinthians-x-sao-paulo-a-luta-por-paz-no-majestoso\/","chapeu":"MAJESTOSO","data":"29\/06\/2021","imagem":"https:\/\/images.futebolinterior.com.br\/2021\/06\/mosquito-1-300x184.jpg","resumo":""},"1047958":{"titulo":"Ap\u00f3s jogo de futebol no Acre, Amaral e Chulapa s\u00e3o vacinados; internautas criticam Governo","link":"https:\/\/www.futebolinterior.com.br\/apos-jogo-de-futebol-no-acre-amaral-e-chulapa-sao-vacinados-internautas-criticam-governo\/","chapeu":"APROVADO?","data":"29\/06\/2021","imagem":"https:\/\/images.futebolinterior.com.br\/2021\/06\/amaral-292x300.jpg","resumo":""}}