{"1048388":{"titulo":"Red Bull Bragantino x Cear\u00e1 - L\u00edder e invicto quer melhorar desempenho em casa para manter vantagem","link":"https:\/\/www.futebolinterior.com.br\/red-bull-bragantino-x-ceara-lider-e-invicto-quer-melhorar-desempenho-em-casa-para-manter-vantagem\/","chapeu":"FAVORITO?","data":"30\/06\/2021","imagem":"https:\/\/images.futebolinterior.com.br\/2021\/06\/BragaxAtlGO_AriFerreira_02_ori-300x222.jpg","resumo":"L\u00edder do Brasileir\u00e3o tem apenas uma vit\u00f3ria em casa em tr\u00eas jogos"},"1048345":{"titulo":"Sem espa\u00e7o, volante colombiano deixa o Athletico-PR","link":"https:\/\/www.futebolinterior.com.br\/sem-espaco-volante-colombiano-deixa-o-athletico-pr\/","chapeu":"ADEUS","data":"30\/06\/2021","imagem":"https:\/\/images.futebolinterior.com.br\/2021\/06\/jaime-300x200.jpg","resumo":""},"1048379":{"titulo":"BRASILEIR\u00c3O: L\u00edder e invicto, RB Bragantino quer disparar; Atual campe\u00e3o busca a recupera\u00e7\u00e3o","link":"https:\/\/www.futebolinterior.com.br\/brasileirao-lider-e-invicto-rb-bragantino-quer-disparar-atual-campeao-busca-a-recuperacao\/","chapeu":"AVASSALADOR!","data":"30\/06\/2021","imagem":"https:\/\/images.futebolinterior.com.br\/2021\/06\/BragaxPal_AriFerreira_01_ori-300x219.jpg","resumo":"Vindo de quatro vit\u00f3rias seguidas, clube paulista soma 17 pontos"},"1048360":{"titulo":"Atl\u00e9tico-MG x Atl\u00e9tico-GO - Jejum que incomoda e faz cair pelas tabelas...","link":"https:\/\/www.futebolinterior.com.br\/atletico-mg-x-atletico-go-jejum-que-incomoda-e-faz-cair-pelas-tabelas\/","chapeu":"PERDIDOS!","data":"30\/06\/2021","imagem":"https:\/\/images.futebolinterior.com.br\/2021\/06\/galo-300x200.jpg","resumo":"Galo e Drag\u00e3o foram derrotados na rodada passada e buscam a recupera\u00e7\u00e3o"},"1048342":{"titulo":"Sem vencer h\u00e1 tr\u00eas jogos, Atl\u00e9tico-MG ganha refor\u00e7os, mas ter\u00e1 que improvisar na lateral","link":"https:\/\/www.futebolinterior.com.br\/sem-vencer-ha-tres-jogos-atletico-mg-ganha-reforcos-mas-tera-que-improvisar-na-lateral\/","chapeu":"IMPROVISO","data":"30\/06\/2021","imagem":"https:\/\/images.futebolinterior.com.br\/2021\/06\/nacho-300x296.jpg","resumo":"Lateral-direito Mariano dever\u00e1 ser improvisado na esquerda"},"1048316":{"titulo":"Mesmo com desfalque, Barroca quer \"buscar a vit\u00f3ria em Belo Horizonte\"","link":"https:\/\/www.futebolinterior.com.br\/mesmo-com-desfalque-barroca-quer-buscar-a-vitoria-em-belo-horizonte\/","chapeu":"SEM UM","data":"30\/06\/2021","imagem":"https:\/\/images.futebolinterior.com.br\/2021\/06\/nathan-silva-300x213.jpg","resumo":"Al\u00e9m de pertencer ao Galo e estar impossibilitado, por contrato, de entrar em campo, o defensor tamb\u00e9m ter\u00e1 que cumprir suspens\u00e3o"},"1048298":{"titulo":"Juventude deve acertar com volante do Cruzeiro com passagem pela Ponte Preta","link":"https:\/\/www.futebolinterior.com.br\/juventude-deve-acertar-com-volante-do-cruzeiro-com-passagem-pela-ponte-preta\/","chapeu":"CHEGANDO","data":"30\/06\/2021","imagem":"https:\/\/images.futebolinterior.com.br\/2021\/06\/Jadson-300x202.png","resumo":"Jadson, de 27 anos, est\u00e1 sem espa\u00e7o na Raposa e s\u00f3 falta acertar libera\u00e7\u00e3o"},"1048200":{"titulo":"Demoli\u00e7\u00e3o do setor do Tobog\u00e3 marca o final de uma era no est\u00e1dio do Pacaembu","link":"https:\/\/www.futebolinterior.com.br\/demolicao-do-setor-do-toboga-marca-o-final-de-uma-era-no-estadio-do-pacaembu\/","chapeu":"TRISTE DEMAIS","data":"30\/06\/2021","imagem":"https:\/\/images.futebolinterior.com.br\/2021\/06\/Screenshot-2021-06-30-at-12-06-29-Demolicao-do-Toboga-marca-o-fim-de-uma-era-no-estadio-do-Pacaembu-Esportes-Estadao-300x194.png","resumo":""},"1048168":{"titulo":"Cuca segue em d\u00favida sobre lateral-esquerdo no Atl\u00e9tico-MG; Everson \u00e9 'blindado'","link":"https:\/\/www.futebolinterior.com.br\/cuca-segue-em-duvida-sobre-lateral-esquerdo-no-atletico-mg-everson-e-blindado\/","chapeu":"VISH","data":"30\/06\/2021","imagem":"https:\/\/images.futebolinterior.com.br\/2021\/06\/E5FiETmWYAQ90QC-300x200.jpg","resumo":""},"1048175":{"titulo":"Sem acordo por renova\u00e7\u00e3o de empr\u00e9stimo, atacante ex-Fla e Gr\u00eamio deixa o Cear\u00e1","link":"https:\/\/www.futebolinterior.com.br\/sem-acordo-por-renovacao-de-emprestimo-atacante-ex-fla-e-gremio-deixa-o-ceara\/","chapeu":"MALAS PRONTAS","data":"30\/06\/2021","imagem":"https:\/\/images.futebolinterior.com.br\/2021\/06\/E4fxibmX0AEDuoZ-300x169.jpg","resumo":""}}