{"1048920":{"titulo":"Clube da S\u00e9rie A fecha parceria com Governo Estadual","link":"https:\/\/www.futebolinterior.com.br\/clube-da-serie-a-fecha-parceria-com-governo-estadual\/","chapeu":"NOVIDADE","data":"01\/07\/2021","imagem":"https:\/\/images.futebolinterior.com.br\/2021\/07\/cuiaba-300x196.png","resumo":"O Cuiab\u00e1 ir\u00e1 estampar as frases Conhe\u00e7a Mato Grosso e \"Invista em Mato Grosso\" na camisa"},"1048922":{"titulo":"Pol\u00eamico, ex-presidente do Corinthians, tricampe\u00e3o brasileiro, \u00e9 internado com 101 anos","link":"https:\/\/www.futebolinterior.com.br\/polemico-ex-presidente-do-corinthians-tricampeao-brasileiro-e-internado-com-101-anos\/","chapeu":"FOR\u00c7A!","data":"01\/07\/2021","imagem":"https:\/\/images.futebolinterior.com.br\/2021\/07\/corinthians-300x157.jpg","resumo":""},"1048885":{"titulo":"Dudu faz primeiro treino no Palmeiras, mas estreia ser\u00e1 apenas em agosto","link":"https:\/\/www.futebolinterior.com.br\/dudu-faz-primeiro-treino-no-palmeiras-mas-estreia-sera-apenas-em-agosto\/","chapeu":"REFOR\u00c7O","data":"01\/07\/2021","imagem":"https:\/\/images.futebolinterior.com.br\/2021\/07\/Captura-da-Web_1-7-2021_1322_esportes.r7.com_-300x163.jpeg","resumo":""},"1048862":{"titulo":"Flamengo sinaliza positivamente \u00e0 proposta do Atl\u00e9tico de Madrid","link":"https:\/\/www.futebolinterior.com.br\/flamengo-sinaliza-positivamente-a-proposta-do-atletico-de-madrid\/","chapeu":"VAI EMBORA?","data":"01\/07\/2021","imagem":"https:\/\/images.futebolinterior.com.br\/2021\/07\/rodrigo-muniz-x-america-mg-300x188.png","resumo":"Um dos destaques no ataque do Flamengo, Rodrigo Muniz est\u00e1 com o nome em evid\u00eancia no mercado da bola."},"1048853":{"titulo":"Na lanterna do Brasileir\u00e3o, Gr\u00eamio d\u00e1 voto de confian\u00e7a a Tiago Nunes","link":"https:\/\/www.futebolinterior.com.br\/na-lanterna-do-brasileirao-gremio-da-voto-de-confianca-a-tiago-nunes\/","chapeu":"SEGUE O BARCO","data":"01\/07\/2021","imagem":"https:\/\/images.futebolinterior.com.br\/2021\/07\/tiago-300x200.jpg","resumo":""},"1048760":{"titulo":"Pedro Geromel exp\u00f5e frustra\u00e7\u00e3o ap\u00f3s nova derrota do Gr\u00eamio: 'Bem decepcionado'","link":"https:\/\/www.futebolinterior.com.br\/pedro-geromel-expoe-frustracao-apos-nova-derrota-do-gremio-bem-decepcionado\/","chapeu":"TRISTE!","data":"01\/07\/2021","imagem":"https:\/\/images.futebolinterior.com.br\/2021\/07\/51282247808_71c2658918_c-300x200.jpg","resumo":""},"1048782":{"titulo":"STJD concede liminar e Flamengo poder\u00e1 ter Pedro durante Olimp\u00edada","link":"https:\/\/www.futebolinterior.com.br\/stjd-concede-liminar-e-flamengo-podera-ter-pedro-durante-olimpiada\/","chapeu":"N\u00c3O VAI!","data":"01\/07\/2021","imagem":"https:\/\/images.futebolinterior.com.br\/2021\/07\/pedro-300x200.jpg","resumo":""},"1048776":{"titulo":"Auxiliar de Crespo evitar culpar cansa\u00e7o f\u00edsico no S\u00e3o Paulo: 'Vamos trabalhar para mudar'","link":"https:\/\/www.futebolinterior.com.br\/auxiliar-de-crespo-evitar-culpar-cansaco-fisico-no-sao-paulo-vamos-trabalhar-para-mudar\/","chapeu":"EM FRENTE!","data":"01\/07\/2021","imagem":"https:\/\/images.futebolinterior.com.br\/2021\/07\/crespo-300x193.jpg","resumo":""},"1048775":{"titulo":"Diniz prev\u00ea dar novas chances a jovens do Santos e defende laterais","link":"https:\/\/www.futebolinterior.com.br\/diniz-preve-dar-novas-chances-a-jovens-do-santos-e-defende-laterais\/","chapeu":"OLHO NA BASE!","data":"01\/07\/2021","imagem":"https:\/\/images.futebolinterior.com.br\/2021\/07\/51282156128_e5c71aa648_c-300x200.jpg","resumo":""},"1048767":{"titulo":"Sylvinho reconhece baixo n\u00edvel do cl\u00e1ssico entre Corinthians e S\u00e3o Paulo: 'Parte t\u00e9cnica n\u00e3o prevaleceu'","link":"https:\/\/www.futebolinterior.com.br\/sylvinho-reconhece-baixo-nivel-do-classico-entre-corinthians-e-sao-paulo-parte-tecnica-nao-prevaleceu\/","chapeu":"\u00c9 ISSO...","data":"01\/07\/2021","imagem":"https:\/\/images.futebolinterior.com.br\/2021\/07\/sylvinho-300x199.jpg","resumo":""}}