{"1049185":{"titulo":"Internacional apresenta ex-zagueiro do Corinthians por empr\u00e9stimo","link":"https:\/\/www.futebolinterior.com.br\/internacional-apresenta-ex-zagueiro-do-corinthians-por-emprestimo\/","chapeu":"REFOR\u00c7O","data":"01\/07\/2021","imagem":"https:\/\/images.futebolinterior.com.br\/2021\/07\/mendez-300x200.jpg","resumo":"Bruno M\u00e9ndez se apresentou ao Internacional e \u00e9 uma aposta da equipe para a defesa"},"1049188":{"titulo":"Red Bull Bragantino 0 x 0 Cear\u00e1 - Melhor ataque passa em branco e poder\u00e1 perder a lideran\u00e7a!","link":"https:\/\/www.futebolinterior.com.br\/red-bull-bragantino-0-x-0-ceara-melhor-ataque-passa-em-branco-e-podera-perder-a-lideranca\/","chapeu":"MANCADA","data":"01\/07\/2021","imagem":"https:\/\/images.futebolinterior.com.br\/2021\/07\/IMG-20210701-WA0054-300x207.jpg","resumo":"Empate at\u00e9 manteve os paulistas na lideran\u00e7a, mas com 18 pontos, tem s\u00f3 dois de vantagem para o vice-l\u00edder Athletico-PR, com um jogo a menos"},"1049144":{"titulo":"Lateral do Atl\u00e9tico-MG doa cobertores e alimentos para moradores de rua","link":"https:\/\/www.futebolinterior.com.br\/lateral-do-atletico-mg-doa-cobertores-e-alimentos-para-moradores-de-rua\/","chapeu":"APLAUSOS","data":"01\/07\/2021","imagem":"https:\/\/images.futebolinterior.com.br\/2021\/07\/unnamed-300x300.jpg","resumo":"Guilherme Arana promove a\u00e7\u00f5es para auxiliar os moradores de rua, durante o inverno em S\u00e3o Paulo"},"1049094":{"titulo":"Palmeiras: Abel Ferreira nega oferta de trabalho de equipe europeia","link":"https:\/\/www.futebolinterior.com.br\/palmeiras-abel-ferreira-nega-oferta-de-trabalho-de-equipe-europeia\/","chapeu":"VAI FICAR!","data":"01\/07\/2021","imagem":"https:\/\/images.futebolinterior.com.br\/2021\/07\/Captura-da-Web_1-7-2021_1768_ge.globo_.com_-300x169.jpeg","resumo":""},"1049112":{"titulo":"Live FI desta quinta traz Biro-Biro, um dos maiores \u00eddolos do Corinthians!","link":"https:\/\/www.futebolinterior.com.br\/live-fi-desta-quinta-traz-biro-biro-um-dos-maiores-idolos-do-corinthians\/","chapeu":"ISSO MESMO!","data":"01\/07\/2021","imagem":"https:\/\/images.futebolinterior.com.br\/2021\/07\/WhatsApp-Image-2021-07-01-at-16.47.281-300x300.jpeg","resumo":""},"1049012":{"titulo":"Esposa testa positivo para Covid e lateral esquentadinho voltar\u00e1 a desfalcar o Sport","link":"https:\/\/www.futebolinterior.com.br\/esposa-testa-positivo-para-covid-e-lateral-esquentadinho-voltara-a-desfalcar-o-sport\/","chapeu":"AUS\u00caNCIA","data":"01\/07\/2021","imagem":"https:\/\/images.futebolinterior.com.br\/2021\/07\/patric-300x200.jpg","resumo":"Lateral-direto do Sport, Patric, ainda n\u00e3o pode atuar. A esposa do atleta testou positivo para a Covid-19 e atrasou o retorno."},"1048976":{"titulo":"Brasil paga sal\u00e1rio m\u00ednimo para mais da metade dos jogadores de futebol","link":"https:\/\/www.futebolinterior.com.br\/brasil-paga-salario-minimo-para-mais-da-metade-dos-jogadores-de-futebol\/","chapeu":"SABIA DESSA?","data":"01\/07\/2021","imagem":"https:\/\/images.futebolinterior.com.br\/2021\/07\/marco-300x225.jpeg","resumo":""},"1048972":{"titulo":"Sombra de Carn\u00e9! Juventude contrata goleiro ex-Corinthians e Gr\u00eamio","link":"https:\/\/www.futebolinterior.com.br\/juventude-contrata-goleiro-ex-corinthians\/","chapeu":"NA \u00c1REA","data":"01\/07\/2021","imagem":"https:\/\/images.futebolinterior.com.br\/2021\/07\/douglas-300x200.jpg","resumo":"Refor\u00e7o alviverde chega por empr\u00e9stimo junto ao Bahia at\u00e9 o final da temporada"},"1048975":{"titulo":"Com mais de 160 jogos na S\u00e9rie B, t\u00e9cnico Nedo Xavier analisa propostas","link":"https:\/\/www.futebolinterior.com.br\/com-mais-de-160-jogos-na-serie-b-tecnico-analisa-propostas\/","chapeu":"NO RADAR","data":"01\/07\/2021","imagem":"https:\/\/images.futebolinterior.com.br\/2021\/07\/NEto-Havier-300x186.png","resumo":"O treinador j\u00e1 foi homenageado pela CBF Academy, pela sua compet\u00eancia t\u00e9cnica e contribui\u00e7\u00e3o ao futebol brasileiro "},"1048945":{"titulo":"Jair Ventura cobra refor\u00e7os e revela cobran\u00e7a interna na Chapecoense","link":"https:\/\/www.futebolinterior.com.br\/jair-ventura-cobra-reforcos-e-revela-cobranca-interna-na-chapecoense\/","chapeu":"PRESS\u00c3O!","data":"01\/07\/2021","imagem":"https:\/\/images.futebolinterior.com.br\/2021\/07\/jai-300x200.jpg","resumo":""}}