{"217716":{"titulo":"Volante volta a treinar e vira op\u00e7\u00e3o no Gr\u00eamio para \"revanche\" contra o Flamengo","link":"https:\/\/www.futebolinterior.com.br\/volante-volta-a-treinar-e-vira-opcao-no-gremio-para-revanche-contra-o-flamengo\/","chapeu":"BOA NOT\u00cdCIA","data":"13\/11\/2019","imagem":"https:\/\/images.futebolinterior.com.br\/2020\/11\/0002050429783_img-300x203.jpg","resumo":"Michel estava afastado desde a ter\u00e7a-feira passada por causa de uma pancada no joelho esquerdo"},"217714":{"titulo":"Fora dos planos, peruano retorna ao Santos e treina em separado","link":"https:\/\/www.futebolinterior.com.br\/fora-dos-planos-peruano-retorna-ao-santos-e-treina-em-separado\/","chapeu":"ENCOSTADO!","data":"13\/11\/2019","imagem":"https:\/\/images.futebolinterior.com.br\/2020\/11\/0002050429785_img-300x199.jpg","resumo":"Ainda assim, o seu aproveitamento na reta final do Campeonato Brasileiro est\u00e1 descartado"},"217718":{"titulo":"Capetinha v\u00ea Palmeiras 'falido' sem Crefisa, Neto apoia e ex-goleiro rebate","link":"https:\/\/www.futebolinterior.com.br\/capetinha-ve-palmeiras-falido-sem-crefisa-neto-apoia-e-ex-goleiro-rebate\/","chapeu":"DEU BRIGA!","data":"13\/11\/2019","imagem":"https:\/\/images.futebolinterior.com.br\/2020\/11\/0002050429781_img-300x156.jpg","resumo":"Velloso deixou claro que o Verd\u00e3o n\u00e3o precisa da patrocinadora para andar atualmente"},"217734":{"titulo":"Mano Menezes comanda treino do Palmeiras ainda sem Luiz Adriano","link":"https:\/\/www.futebolinterior.com.br\/mano-menezes-comanda-treino-do-palmeiras-ainda-sem-luiz-adriano\/","chapeu":"QUEM JOGA?","data":"13\/11\/2019","imagem":"https:\/\/images.futebolinterior.com.br\/2020\/11\/0002050429760_img-300x138.jpg","resumo":"O atacante realizou trabalhos na parte interna na Academia de Futebol e \u00e9 d\u00favida para o confronto com o Bahia"},"217739":{"titulo":"Zagueiro deixa escapar acerto do Internacional com treinador argentino","link":"https:\/\/www.futebolinterior.com.br\/zagueiro-deixa-escapar-acerto-do-internacional-com-treinador-argentino\/","chapeu":"FALOU MUITO","data":"13\/11\/2019","imagem":"https:\/\/images.futebolinterior.com.br\/2020\/11\/0002050429763_img-300x147.jpg","resumo":"Eduardo Coudet est\u00e1 no Racing-ARG e deve ser oficializado pela diretoria ap\u00f3s o Brasileir\u00e3o"},"217751":{"titulo":"Zagueiro \u00e9 poupado de treino do Santos por gripe e atacante sofre entorse","link":"https:\/\/www.futebolinterior.com.br\/zagueiro-e-poupado-de-treino-do-santos-por-gripe-e-atacante-sofre-entorse\/","chapeu":"BAIXAS","data":"13\/11\/2019","imagem":"https:\/\/images.futebolinterior.com.br\/2020\/11\/0002050429752_img-300x149.jpg","resumo":"Com tempo para se recuperar, a tend\u00eancia \u00e9 que Gustavo Henrique enfrente o S\u00e3o Paulo"},"217753":{"titulo":"Ava\u00ed se reapresenta com novidades para jogo contra o Cruzeiro","link":"https:\/\/www.futebolinterior.com.br\/avai-se-reapresenta-com-novidades-para-jogo-contra-o-cruzeiro\/","chapeu":"PREPARA\u00c7\u00c3O","data":"13\/11\/2019","imagem":"https:\/\/images.futebolinterior.com.br\/2020\/11\/0002050429745_img-300x200.jpg","resumo":"O lateral-direito L\u00e9o e o volante Richard Franco retornam ap\u00f3s cumprirem suspens\u00e3o autom\u00e1tica"},"217757":{"titulo":"Em sil\u00eancio e quase rebaixada, Chape se prepara para duelo contra o Ava\u00ed","link":"https:\/\/www.futebolinterior.com.br\/em-silencio-e-quase-rebaixada-chape-se-prepara-para-duelo-contra-o-avai\/","chapeu":"TENS\u00c3O","data":"13\/11\/2019","imagem":"https:\/\/images.futebolinterior.com.br\/2020\/11\/0002050429740_img-300x169.jpg","resumo":"Durante esta quarta-feira,nenhum atleta foi colocado \u00e0 disposi\u00e7\u00e3o para coletiva de imprensa"},"217767":{"titulo":"Lateral do Fluminense lamenta les\u00e3o de Muriel e diz que elenco confia em substituto","link":"https:\/\/www.futebolinterior.com.br\/lateral-do-fluminense-lamenta-lesao-de-muriel-e-diz-que-elenco-confia-em-substituto\/","chapeu":"CONFIANTES","data":"13\/11\/2019","imagem":"https:\/\/images.futebolinterior.com.br\/2020\/11\/0002050429736_img-300x169.jpg","resumo":"Com Caio Henrique na sele\u00e7\u00e3o brasileira sub-23 para um torneio amistoso na Espanha, Orinho ser\u00e1 titular na partida contra o Atl\u00e9tico-MG"},"217771":{"titulo":"Jogadores revelam que entendem cobran\u00e7a de Ra\u00ed ao elenco do S\u00e3o Paulo","link":"https:\/\/www.futebolinterior.com.br\/jogadores-revelam-que-entendem-cobranca-de-rai-ao-elenco-do-sao-paulo\/","chapeu":"'ALGO NORMAL'","data":"13\/11\/2019","imagem":"https:\/\/images.futebolinterior.com.br\/2020\/11\/0002050429733_img-300x215.jpg","resumo":"Bruno Alves e o atacante Pablo disseram entender a postura do dirigente"}}