{"216599":{"titulo":"Flamengo pode ser campe\u00e3o duas vezes no mesmo final de semana. Saiba como!","link":"https:\/\/www.futebolinterior.com.br\/flamengo-pode-ser-campeao-duas-vezes-no-mesmo-final-de-semana-saiba-como\/","chapeu":"HIST\u00d3RICO","data":"19\/11\/2019","imagem":"https:\/\/images.futebolinterior.com.br\/2020\/11\/0002050431196_img-300x200.jpg","resumo":"O Meng\u00e3o faz a final da Libertadores no s\u00e1bado e \"seca\" o Palmeiras no domingo pelo Brasileir\u00e3o"},"216605":{"titulo":"CSA perde atacante que poder\u00e1 ficar fora do restante da temporada","link":"https:\/\/www.futebolinterior.com.br\/csa-perde-atacante-que-podera-ficar-fora-do-restante-da-temporada\/","chapeu":"A\u00cd, COMPLICA!","data":"19\/11\/2019","imagem":"https:\/\/images.futebolinterior.com.br\/2020\/11\/0002050431195_img-300x147.jpg","resumo":"CSA ocupa a 18\u00aa coloca\u00e7\u00e3o com 29 pontos, sete a menos do que o Cruzeiro, primeiro clube fora da degola"},"216613":{"titulo":"Cear\u00e1 se reapresenta com desfalque de meia que foi ao sepultamento da av\u00f3","link":"https:\/\/www.futebolinterior.com.br\/ceara-se-reapresenta-com-desfalque-de-meia-que-foi-ao-sepultamento-da-avo\/","chapeu":"ANDAR DE CIMA!","data":"19\/11\/2019","imagem":"https:\/\/images.futebolinterior.com.br\/2020\/11\/0002050431190_img-300x159.jpg","resumo":"Em busca da recupera\u00e7\u00e3o, o Cear\u00e1 receber\u00e1 o S\u00e3o Paulo no domingo, \u00e0s 19 horas, na Arena Castel\u00e3o"},"216617":{"titulo":"Zagueiro dos gols contra sobre risco de queda do Botafogo \"isso n\u00e3o vai acontecer n\u00e3o\"","link":"https:\/\/www.futebolinterior.com.br\/zagueiro-dos-gols-contra-sobre-risco-de-queda-do-botafogo-isso-nao-vai-acontecer-nao\/","chapeu":"M\u00c3E DINAH!","data":"19\/11\/2019","imagem":"https:\/\/images.futebolinterior.com.br\/2020\/11\/0002050431181_img-300x134.jpg","resumo":"Botafogo, na 14\u00aa coloca\u00e7\u00e3o com 36 pontos, luta contra o descenso"},"216623":{"titulo":"T\u00e9cnico se re\u00fane com dirigentes do Corinthians para continuar planejamento","link":"https:\/\/www.futebolinterior.com.br\/tecnico-se-reune-com-dirigentes-do-corinthians-para-continuar-planejamento\/","chapeu":"TRABALHO","data":"19\/11\/2019","imagem":"https:\/\/images.futebolinterior.com.br\/2020\/11\/0002050431164_img-300x208.jpg","resumo":"Um dos temas discutidos nas reuni\u00f5es foi a forma\u00e7\u00e3o da comiss\u00e3o t\u00e9cnica para a pr\u00f3xima temporada"},"216625":{"titulo":"Ap\u00f3s m\u00e1 fase, Rodrigo Caio aponta 'orgulho' por disputar final da Libertadores","link":"https:\/\/www.futebolinterior.com.br\/apos-ma-fase-rodrigo-caio-aponta-orgulho-por-disputar-final-da-libertadores\/","chapeu":"CHEGOU A HORA","data":"19\/11\/2019","imagem":"https:\/\/images.futebolinterior.com.br\/2020\/11\/0002050431163_img-300x200.jpg","resumo":"Al\u00e9m da final da Libertadores no s\u00e1bado, o Flamengo poder\u00e1 se sagrar campe\u00e3o do Brasileiro sem jogar no domingo"},"216629":{"titulo":"Rebaixado, Ava\u00ed quer se despedir da elite com dignidade","link":"https:\/\/www.futebolinterior.com.br\/rebaixado-avai-quer-se-despedir-da-elite-com-dignidade\/","chapeu":"O QUE RESTOU","data":"19\/11\/2019","imagem":"https:\/\/images.futebolinterior.com.br\/2020\/11\/0002050431158_img-300x202.jpg","resumo":"O Le\u00e3o teve sua queda para a S\u00e9rie B decretada na \u00faltima segunda-feira ao empatar com o Cruzeiro"},"216637":{"titulo":"Fortaleza pode perder dois zagueiros para jogo contra o Internacional","link":"https:\/\/www.futebolinterior.com.br\/fortaleza-pode-perder-dois-zagueiros-para-jogo-contra-o-internacional\/","chapeu":"BAIXAS?","data":"19\/11\/2019","imagem":"https:\/\/images.futebolinterior.com.br\/2020\/11\/0002050431144_img-300x195.jpg","resumo":"O t\u00e9cnico Rog\u00e9rio Ceni j\u00e1 come\u00e7ou a quebrar a cabe\u00e7a para definir o companheiro de Quintero"},"216647":{"titulo":"Autuori revela que n\u00e3o haver\u00e1 multa para Jorge ap\u00f3s discuss\u00e3o com Sasha","link":"https:\/\/www.futebolinterior.com.br\/autuori-revela-que-nao-havera-multa-para-jorge-apos-discussao-com-sasha\/","chapeu":"SEM MULTA","data":"19\/11\/2019","imagem":"https:\/\/images.futebolinterior.com.br\/2020\/11\/0002050431141_img-300x129.jpg","resumo":"\"O ambiente \u00e9 \u00f3timo entre jogadores, comiss\u00e3o t\u00e9cnica. Vou ser repetitivo. O ambiente \u00e9 \u00f3timo\", afirmou o dirigente"},"216655":{"titulo":"S\u00e3o Paulo treina com Antony e garotos da base, mas sem Tiago Volpi","link":"https:\/\/www.futebolinterior.com.br\/sao-paulo-treina-com-antony-e-garotos-da-base-mas-sem-tiago-volpi\/","chapeu":"SEM VOLPI","data":"19\/11\/2019","imagem":"https:\/\/images.futebolinterior.com.br\/2020\/11\/0002050431137_img-300x192.jpg","resumo":"Em campo, o t\u00e9cnico Fernando Diniz observou cinco jogadores da base do S\u00e3o Paulo"}}