{"337751":{"titulo":"Ainda sem vencer, CSA aposta no fator casa para desencantar contra o Goi\u00e1s","link":"https:\/\/www.futebolinterior.com.br\/ainda-sem-vencer-csa-aposta-no-fator-casa-para-desencantar-contra-o-goias\/","chapeu":"EST\u00c1 NA HORA!","data":"27\/05\/2019","imagem":"https:\/\/images.futebolinterior.com.br\/2021\/04\/0002050391124_img-300x200.jpg","resumo":"Sem o lateral colombiano Armero, que rescindiu o seu contrato com o clube, Carlinhos ganha uma sequ\u00eancia pelo lado esquerdo"},"337745":{"titulo":"Cear\u00e1 desafia o Ava\u00ed para se distanciar da zona de rebaixamento do Brasileir\u00e3o","link":"https:\/\/www.futebolinterior.com.br\/ceara-desafia-o-avai-para-se-distanciar-da-zona-de-rebaixamento-do-brasileirao\/","chapeu":"QUER A VIT\u00d3RIA!","data":"27\/05\/2019","imagem":"https:\/\/images.futebolinterior.com.br\/2021\/04\/0002050391121_img-300x200.jpg","resumo":"O t\u00e9cnico Enderson Moreira n\u00e3o poder\u00e1 contar com o goleiro Richard, vetado pelo departamento m\u00e9dico"},"337733":{"titulo":"Falta de vit\u00f3rias fora de casa preocupa t\u00e9cnico do Internacional","link":"https:\/\/www.futebolinterior.com.br\/falta-de-vitorias-fora-de-casa-preocupa-tecnico-do-internacional\/","chapeu":"DIF\u00cdCIL","data":"27\/05\/2019","imagem":"https:\/\/images.futebolinterior.com.br\/2021\/04\/0002050391123_img-300x184.jpg","resumo":"Cotado como um dos favoritos ao t\u00edtulo do Brasileir\u00e3o, o Internacional viu o Palmeiras abrir vantagem na lideran\u00e7a da tabela, no fim de semana"},"337754":{"titulo":"Sem Bet\u00e3o na zaga, Ava\u00ed busca a primeira vit\u00f3ria no Brasileir\u00e3o contra o Cear\u00e1","link":"https:\/\/www.futebolinterior.com.br\/sem-betao-na-zaga-avai-busca-a-primeira-vitoria-no-brasileirao-contra-o-ceara\/","chapeu":"VAI PRA CIMA!","data":"27\/05\/2019","imagem":"https:\/\/images.futebolinterior.com.br\/2021\/04\/0002050391119_img-300x260.jpg","resumo":"Como Marquinhos Silva est\u00e1 se recuperando de uma virose, Geninho esperar\u00e1 at\u00e9 o \u00faltimo minuto para saber se poder\u00e1 contar com o atleta"},"337743":{"titulo":"Sampaoli cobra diretoria do Santos: 'Faz cinco meses que pedi dois centroavantes'","link":"https:\/\/www.futebolinterior.com.br\/sampaoli-cobra-diretoria-do-santos-faz-cinco-meses-que-pedi-dois-centroavantes\/","chapeu":"NA BRONCA","data":"27\/05\/2019","imagem":"https:\/\/images.futebolinterior.com.br\/2021\/04\/0002050391118_img-300x259.jpg","resumo":"Depois de perder para o Palmeiras por 4 a 0, o Santos voltou a trope\u00e7ar no Campeonato Brasileiro empatando em 0 a 0 contra o Internacional, no est\u00e1dio da Vila Belmiro"},"337735":{"titulo":"Diego aproveita chance no Fla e deve ser mantido por Abel entre os titulares","link":"https:\/\/www.futebolinterior.com.br\/diego-aproveita-chance-no-fla-e-deve-ser-mantido-por-abel-entre-os-titulares\/","chapeu":"DE BOA","data":"27\/05\/2019","imagem":"https:\/\/images.futebolinterior.com.br\/2021\/04\/0002050391113_img-300x200.jpg","resumo":"Mostrando servi\u00e7o saindo do banco de reserva nos \u00faltimos jogos, o meia Diego voltou a ganhar uma chance entre os titulares neste domingo, na vit\u00f3ria do Flamengo sobre o Athletico"},"337739":{"titulo":"Carille mant\u00e9m d\u00favida sobre poupar jogadores na Venezuela pela Sul-Americana","link":"https:\/\/www.futebolinterior.com.br\/carille-mantem-duvida-sobre-poupar-jogadores-na-venezuela-pela-sul-americana\/","chapeu":"COMO VAI?","data":"27\/05\/2019","imagem":"https:\/\/images.futebolinterior.com.br\/2021\/04\/0002050391110_img-300x200.jpg","resumo":"O t\u00e9cnico F\u00e1bio Carille ainda n\u00e3o definiu se poupar\u00e1 algum jogador do Corinthians para o jogo contra o Deportivo Lara, nesta quinta-feira, na Venezuela, pela Copa Sul-Americana"},"337748":{"titulo":"Pato revela que ainda n\u00e3o est\u00e1 100% fisicamente no S\u00e3o Paulo ap\u00f3s volta da China","link":"https:\/\/www.futebolinterior.com.br\/pato-revela-que-ainda-nao-esta-100-fisicamente-no-sao-paulo-apos-volta-da-china\/","chapeu":"AOS POUCOS","data":"27\/05\/2019","imagem":"https:\/\/images.futebolinterior.com.br\/2021\/04\/0002050391108_img-300x185.jpg","resumo":"Alexandre Pato enfim atuou contra o Corinthians vestindo a camisa do S\u00e3o Paulo"},"337737":{"titulo":"Cuca confirma libera\u00e7\u00e3o de Antony para defender sele\u00e7\u00e3o ol\u00edmpica","link":"https:\/\/www.futebolinterior.com.br\/cuca-confirma-liberacao-de-antony-para-defender-selecao-olimpica\/","chapeu":"DESFALQUE","data":"27\/05\/2019","imagem":"https:\/\/images.futebolinterior.com.br\/2021\/04\/0002050391107_img-300x186.jpg","resumo":"O t\u00e9cnico Cuca confirmou que o S\u00e3o Paulo vai liberar o atacante Antony para a disputa do Torneio Internacional Maurice Rivello, que era chamado de Torneio de Toulon"},"337771":{"titulo":"Botafogo diz que pedir\u00e1 anula\u00e7\u00e3o do jogo contra Palmeiras por erro de direito","link":"https:\/\/www.futebolinterior.com.br\/botafogo-diz-que-pedira-anulacao-do-jogo-contra-palmeiras-por-erro-de-direito\/","chapeu":"TEM RAZ\u00c3O ?","data":"27\/05\/2019","imagem":"https:\/\/images.futebolinterior.com.br\/2021\/04\/0002050391104_img-300x167.jpg","resumo":"Isso porque a partida j\u00e1 havia sido reiniciada quando o \u00e1rbitro de v\u00eddeo (VAR) entrou em a\u00e7\u00e3o"}}