{"275852":{"titulo":"BRASILEIR\u00c3O: Com Galo e Santos na cola, Palmeiras se mant\u00e9m no topo","link":"https:\/\/www.futebolinterior.com.br\/brasileirao-com-galo-e-santos-na-cola-palmeiras-se-mantem-no-topo\/","chapeu":"SEM DAR BRECHA","data":"02\/06\/2019","imagem":"https:\/\/images.futebolinterior.com.br\/2020\/11\/0002050392640_img-278x300.jpg","resumo":"Time do t\u00e9cnico Felip\u00e3o foi a campo na Arena Cond\u00e1 e venceu a Chapecoense por 2 a 1. Agora com cinco vit\u00f3rias e um empates"},"336612":{"titulo":"Chapecoense 1 x 2 Palmeiras - Verd\u00e3o vence mais uma e retoma lideran\u00e7a do Brasileir\u00e3o","link":"https:\/\/www.futebolinterior.com.br\/chapecoense-1-x-2-palmeiras-verdao-vence-mais-uma-e-retoma-lideranca-do-brasileirao\/","chapeu":"NA FRENTE!","data":"02\/06\/2019","imagem":"https:\/\/images.futebolinterior.com.br\/2021\/04\/0002050392661_img-300x198.jpg","resumo":"O Palmeiras soma 16 pontos e figura na primeira coloca\u00e7\u00e3o mesmo sem levar em conta os pontos da vit\u00f3ria sobre o Botafogo"},"336619":{"titulo":"Atl\u00e9tico-MG 4 x 0 CSA - Galo n\u00e3o d\u00e1 chance e segue na cola ao l\u00edder","link":"https:\/\/www.futebolinterior.com.br\/atletico-mg-4-x-0-csa-galo-nao-da-chance-e-segue-na-cola-ao-lider\/","chapeu":"ATROPELOU","data":"02\/06\/2019","imagem":0,"resumo":"Char\u00e1, Cazares, F\u00e1bio Santos e Adilson marcaram os gols da partida"},"336622":{"titulo":"Internacional 2 x 0 Ava\u00ed - Colorado vence e chega a quatro jogos sem derrota","link":"https:\/\/www.futebolinterior.com.br\/internacional-2-x-0-avai-colorado-vence-e-chega-a-quatro-jogos-sem-derrota\/","chapeu":"SUBINDO...","data":"02\/06\/2019","imagem":0,"resumo":"Paolo Guerrero e Eden\u00edlson marcaram os gols do Inter no segundo tempo"},"336640":{"titulo":"Marinho comemora estreia no Santos com 'p\u00e9 direito' diante de ex-clube","link":"https:\/\/www.futebolinterior.com.br\/marinho-comemora-estreia-no-santos-com-pe-direito-diante-de-ex-clube\/","chapeu":"A\u00cd SIM","data":"02\/06\/2019","imagem":"https:\/\/images.futebolinterior.com.br\/2021\/04\/0002050392626_img-300x200.jpg","resumo":"Jogador chegou na \u00faltima semana e j\u00e1 estreou neste domingo com a camisa alvinegro"},"336630":{"titulo":"Ap\u00f3s empate, Thiago Neves dispara: \"Cruzeiro deixou de somar dois pontos\"","link":"https:\/\/www.futebolinterior.com.br\/apos-empate-thiago-neves-dispara-cruzeiro-deixou-de-somar-dois-pontos\/","chapeu":"N\u00c3O GOSTOU!","data":"02\/06\/2019","imagem":"https:\/\/images.futebolinterior.com.br\/2021\/04\/0002050392596_img-300x193.jpg","resumo":"Na tarde deste domingo, a equipe celeste ficou no 1 a 1 diante do S\u00e3o Paulo"},"336635":{"titulo":"Nino diz que forte marca\u00e7\u00e3o do Athletico-PR surpreendeu Fluminense","link":"https:\/\/www.futebolinterior.com.br\/nino-diz-que-forte-marcacao-do-athletico-pr-surpreendeu-fluminense\/","chapeu":"P\u00d3S-JOGO","data":"02\/06\/2019","imagem":"https:\/\/images.futebolinterior.com.br\/2021\/04\/0002050392590_img-300x169.jpg","resumo":"Fluminense esteve muito abaixo e sofreu ainda mais ap\u00f3s a expuls\u00e3o de Airton ainda no primeiro tempo"},"336638":{"titulo":"Cuca diz que queda na Copa do Brasil ainda pesa no S\u00e3o Paulo","link":"https:\/\/www.futebolinterior.com.br\/cuca-diz-que-queda-na-copa-do-brasil-ainda-pesa-no-sao-paulo\/","chapeu":"FALA PROFESSOR!","data":"02\/06\/2019","imagem":"https:\/\/images.futebolinterior.com.br\/2021\/04\/0002050392592_img-300x193.jpg","resumo":"Eliminado pelo Bahia, o Tricolor voltou a campo neste domingo e empatou com o Cruzeiro"},"336672":{"titulo":"Fagner fica fora de treino e ex-Gr\u00eamio trabalha com bola no Corinthians","link":"https:\/\/www.futebolinterior.com.br\/fagner-fica-fora-de-treino-e-ex-gremio-trabalha-com-bola-no-corinthians\/","chapeu":"TRABALHO!","data":"02\/06\/2019","imagem":"https:\/\/images.futebolinterior.com.br\/2021\/04\/0002050392575_img-300x200.jpg","resumo":"O time comandado pelo t\u00e9cnico F\u00e1bio Carille treinou na manh\u00e3 deste domingo porque n\u00e3o entrou em campo neste fim de semana"},"336651":{"titulo":"Pato apoia protesto da torcida e diz que S\u00e3o Paulo precisa ter mais foco","link":"https:\/\/www.futebolinterior.com.br\/pato-apoia-protesto-da-torcida-e-diz-que-sao-paulo-precisa-ter-mais-foco\/","chapeu":"P\u00d3S-JOGO","data":"02\/06\/2019","imagem":"https:\/\/images.futebolinterior.com.br\/2021\/04\/0002050392570_img-300x200.jpg","resumo":"O meia Vitor Bueno, principal novidade na escala\u00e7\u00e3o de Cuca, tamb\u00e9m concordou com as cr\u00edticas"}}