{"394204":{"titulo":"Ap\u00f3s nova derrota, torcida do Cear\u00e1 se irrita e protesta no Castel\u00e3o","link":"https:\/\/www.futebolinterior.com.br\/apos-nova-derrota-torcida-do-ceara-se-irrita-e-protesta-no-castelao\/","chapeu":"CHATEADA","data":"28\/05\/2018","imagem":"https:\/\/images.futebolinterior.com.br\/2021\/04\/0002050316500_img-300x164.jpg","resumo":"Parece que a torcida do Cear\u00e1 perdeu de vez a paci\u00eancia com o time, que ainda n\u00e3o venceu no Campeonato Brasileiro"},"394210":{"titulo":"T\u00e9cnico do Am\u00e9rica, Enderson questiona rodada em momento cr\u00edtico do pa\u00eds: 'sem clima'","link":"https:\/\/www.futebolinterior.com.br\/tecnico-do-america-enderson-questiona-rodada-em-momento-critico-do-pais-sem-clima\/","chapeu":"INDIGNADO","data":"28\/05\/2018","imagem":"https:\/\/images.futebolinterior.com.br\/2021\/04\/0002050316499_img-300x146.png","resumo":"Treinador mostrou inc\u00f4modo com o fato de ter que disputar uma partida enquanto o Brasil est\u00e1 parado pela paralisa\u00e7\u00e3o dos caminhoneiros"},"394214":{"titulo":"Valentim admite fraca atua\u00e7\u00e3o do Botafogo: 'Precisamos criar mais oportunidades'","link":"https:\/\/www.futebolinterior.com.br\/valentim-admite-fraca-atuacao-do-botafogo-precisamos-criar-mais-oportunidades\/","chapeu":"DEVENDO","data":"28\/05\/2018","imagem":"https:\/\/images.futebolinterior.com.br\/2021\/04\/0002050316498_img-300x169.jpg","resumo":"Treinador disse que a equipe evoluiu ao longo da partida, mas ainda precisa melhorar muito se quiser brigar pelas primeiras coloca\u00e7\u00f5es"},"394218":{"titulo":"Z\u00e9 Ricardo lamenta mais 3 a 0 do Bahia diante do Vasco: 'Foi el\u00e1stico demais'","link":"https:\/\/www.futebolinterior.com.br\/ze-ricardo-lamenta-mais-3-a-0-do-bahia-diante-do-vasco-foi-elastico-demais\/","chapeu":"MOIADO","data":"28\/05\/2018","imagem":"https:\/\/images.futebolinterior.com.br\/2021\/04\/0002050316497_img-300x200.jpg","resumo":"Time vasca\u00edno entrou em campo sem poder contar com 12 jogadores de seu elenco e precisou relacionar tr\u00eas atletas do sub-20"},"394222":{"titulo":"Loss mira usar pr\u00f3ximos treinos para fazer Roger evoluir no ataque do Corinthians","link":"https:\/\/www.futebolinterior.com.br\/loss-mira-usar-proximos-treinos-para-fazer-roger-evoluir-no-ataque-do-corinthians\/","chapeu":"COM CALMA","data":"28\/05\/2018","imagem":"https:\/\/images.futebolinterior.com.br\/2021\/04\/0002050316495_img-300x184.jpg","resumo":"Apesar das duas derrotas em dois jogos \u00e0 frente do Corinthians ap\u00f3s a sa\u00edda de F\u00e1bio Carille para o futebol \u00e1rabe, o t\u00e9cnico Osmar Loss demonstra otimismo para as pr\u00f3ximas partidas"},"394216":{"titulo":"Mano exalta vit\u00f3ria do Cruzeiro fora de casa e projeta sequ\u00eancia de triunfos","link":"https:\/\/www.futebolinterior.com.br\/mano-exalta-vitoria-do-cruzeiro-fora-de-casa-e-projeta-sequencia-de-triunfos\/","chapeu":"CAMINHANDO","data":"28\/05\/2018","imagem":"https:\/\/images.futebolinterior.com.br\/2021\/04\/0002050316493_img-300x200.jpg","resumo":"Treinador enfatizou que a sua equipe necessitava deste triunfo fora de casa e precisar\u00e1 de outros para compensar o in\u00edcio inst\u00e1vel "},"394224":{"titulo":"Torcedor do Inter sofre ataque card\u00edaco e morre durante jogo contra o Corinthians","link":"https:\/\/www.futebolinterior.com.br\/torcedor-do-inter-sofre-ataque-cardiaco-e-morre-durante-jogo-contra-o-corinthians\/","chapeu":"LUTO","data":"28\/05\/2018","imagem":"https:\/\/images.futebolinterior.com.br\/2021\/04\/0002050316494_img-300x182.jpg","resumo":"Um torcedor do Internacional morreu na tarde deste domingo durante a partida com o Corinthians, no Beira-Rio, em Porto Alegre, pelo Campeonato Brasileiro"},"394230":{"titulo":"Jair Ventura revela que o Santos n\u00e3o tem dinheiro para fazer contrata\u00e7\u00f5es","link":"https:\/\/www.futebolinterior.com.br\/jair-ventura-revela-que-o-santos-nao-tem-dinheiro-para-fazer-contratacoes\/","chapeu":"CALMA","data":"28\/05\/2018","imagem":"https:\/\/images.futebolinterior.com.br\/2021\/04\/0002050316490_img-300x200.jpg","resumo":"O t\u00e9cnico do Santos, Jair Ventura, afirmou que o clube tem encontrado dificuldades para refor\u00e7ar o elenco, entre outros motivos, por problemas de caixa"},"394234":{"titulo":"Palmeiras sofre sem o colombiano Borja e n\u00e3o consegue definir um substituto","link":"https:\/\/www.futebolinterior.com.br\/palmeiras-sofre-sem-o-colombiano-borja-e-nao-consegue-definir-um-substituto\/","chapeu":"FAZENDO FALTA","data":"28\/05\/2018","imagem":"https:\/\/images.futebolinterior.com.br\/2021\/04\/0002050316488_img-300x187.jpg","resumo":"A espera pela pausa no calend\u00e1rio do Campeonato Brasileiro para a realiza\u00e7\u00e3o da Copa do Mundo na R\u00fassia parece ser longa para o Palmeiras"},"394255":{"titulo":"PLACAR FI: Confira TODOS os resultados deste DOMINGO","link":"https:\/\/www.futebolinterior.com.br\/placar-fi-confira-todos-os-resultados-deste-domingo-3\/","chapeu":"VEM VER!","data":"27\/05\/2018","imagem":"https:\/\/images.futebolinterior.com.br\/2021\/04\/0002050316465_img-300x190.jpg","resumo":"Com rodada decisiva do Brasileiro S\u00e9rie D e jogos do Brasileir\u00e3o, o domingo foi de muitos gols"}}