{"358556":{"titulo":"Sem ambi\u00e7\u00f5es no Brasileir\u00e3o, Flu prega foco total na Sul-Americana","link":"https:\/\/www.futebolinterior.com.br\/sem-ambicoes-no-brasileirao-flu-prega-foco-total-na-sul-americana\/","chapeu":"PRIORIDADE","data":"04\/11\/2018","imagem":"https:\/\/images.futebolinterior.com.br\/2021\/04\/0002050352412_img-300x200.jpg","resumo":"O Tricolor Carioca enfrenta o Atl\u00e9tico-PR pela semifinal da competi\u00e7\u00e3o continental"},"358558":{"titulo":"Preocupado com o cansa\u00e7o do Palmeiras, Felip\u00e3o quer tentar antecipar t\u00edtulo","link":"https:\/\/www.futebolinterior.com.br\/preocupado-com-o-cansaco-do-palmeiras-felipao-quer-tentar-antecipar-titulo\/","chapeu":"O QUANTO ANTES","data":"04\/11\/2018","imagem":"https:\/\/images.futebolinterior.com.br\/2021\/04\/0002050352411_img-300x175.jpg","resumo":"Para o treinador, a melhor solu\u00e7\u00e3o para evitar o desgaste \u00e9 vencer as pr\u00f3ximas partidas e garantir a conquista com anteced\u00eancia"},"358560":{"titulo":"Sem Diego Alves, Flamengo busca vencer o S\u00e3o Paulo para manter ca\u00e7ada ao t\u00edtulo","link":"https:\/\/www.futebolinterior.com.br\/sem-diego-alves-flamengo-busca-vencer-o-sao-paulo-para-manter-cacada-ao-titulo\/","chapeu":"NA COLA","data":"04\/11\/2018","imagem":"https:\/\/images.futebolinterior.com.br\/2021\/04\/0002050352410_img-300x200.jpg","resumo":"O goleiro est\u00e1 afastado do elenco e n\u00e3o deve mais ser utilizado at\u00e9 o final da temporada, quando ser\u00e1 definido seu futuro"},"358562":{"titulo":"Corinthians visita Botafogo para embalar e poder sonhar com vaga na Libertadores","link":"https:\/\/www.futebolinterior.com.br\/corinthians-visita-botafogo-para-embalar-e-poder-sonhar-com-vaga-na-libertadores\/","chapeu":"AINDA D\u00c1","data":"04\/11\/2018","imagem":"https:\/\/images.futebolinterior.com.br\/2021\/04\/0002050352409_img-300x200.jpg","resumo":"As equipes se enfrentam nesse domingo, \u00e0s 17 horas, no Engenh\u00e3o, pela 32\u00aa rodada do Brasileir\u00e3o"},"358564":{"titulo":"Odair Hellmann faz mist\u00e9rio, mas confirma mudan\u00e7as no Inter contra o Atl\u00e9tico-PR","link":"https:\/\/www.futebolinterior.com.br\/odair-hellmann-faz-misterio-mas-confirma-mudancas-no-inter-contra-o-atletico-pr\/","chapeu":"QUEM JOGA?","data":"04\/11\/2018","imagem":"https:\/\/images.futebolinterior.com.br\/2021\/04\/0002050352408_img-300x191.jpg","resumo":"O meia Camilo e os atacantes Willian Pottker e Leandro Dami\u00e3o est\u00e3o de volta e refor\u00e7am a equipe colorada"},"358578":{"titulo":"Felip\u00e3o perde a paci\u00eancia com Deyverson e avisa: 'Vou tomar uma atitude'","link":"https:\/\/www.futebolinterior.com.br\/felipao-perde-a-paciencia-com-deyverson-e-avisa-vou-tomar-uma-atitude\/","chapeu":"RECADO","data":"04\/11\/2018","imagem":"https:\/\/images.futebolinterior.com.br\/2021\/04\/0002050352398_img-300x169.jpg","resumo":"\"Ou vou come\u00e7ar a cobrar multa, ou vou proibir todos os jogadores de falar por causa de um\", comentou"},"358568":{"titulo":"Em momento delicado no Brasileir\u00e3o, Botafogo se reencontra com Jair Ventura","link":"https:\/\/www.futebolinterior.com.br\/em-momento-delicado-no-brasileirao-botafogo-se-reencontra-com-jair-ventura\/","chapeu":"LEI DO EX","data":"04\/11\/2018","imagem":"https:\/\/images.futebolinterior.com.br\/2021\/04\/0002050352407_img-300x200.jpg","resumo":"O treinador deixou sua marca no clube entre 2016 e 2017 e agora \u00e9 advers\u00e1rio na briga contra o rebaixamento"},"358566":{"titulo":"S\u00e3o Paulo aposta em retrospecto positivo em casa para derrotar o Flamengo","link":"https:\/\/www.futebolinterior.com.br\/sao-paulo-aposta-em-retrospecto-positivo-em-casa-para-derrotar-o-flamengo\/","chapeu":"JOGO DURO","data":"04\/11\/2018","imagem":"https:\/\/images.futebolinterior.com.br\/2021\/04\/0002050352406_img-300x188.jpg","resumo":"As equipes se enfrentam nesse domingo, \u00e0s 17 horas, no Morumbi, pela 32\u00aa rodada do Brasilieir\u00e3o"},"358575":{"titulo":"'Uma fatalidade nos tirou os tr\u00eas pontos', diz Cuca ap\u00f3s derrota do Santos no cl\u00e1ssico","link":"https:\/\/www.futebolinterior.com.br\/uma-fatalidade-nos-tirou-os-tres-pontos-diz-cuca-apos-derrota-do-santos-no-classico\/","chapeu":"FALTOU POUCO","data":"03\/11\/2018","imagem":"https:\/\/images.futebolinterior.com.br\/2021\/04\/0002050352394_img-300x206.jpg","resumo":"\"Tem derrotas que a gente sente muito\", completou o treinador do peixe que isentou seu goleiro de culpa"},"358597":{"titulo":"Jogadores dizem que Palmeiras demonstrou poder de supera\u00e7\u00e3o para vencer cl\u00e1ssico","link":"https:\/\/www.futebolinterior.com.br\/jogadores-dizem-que-palmeiras-demonstrou-poder-de-superacao-para-vencer-classico\/","chapeu":"GOSTARAM","data":"03\/11\/2018","imagem":"https:\/\/images.futebolinterior.com.br\/2021\/04\/0002050352392_img-300x169.jpg","resumo":"\"Acho que todo jogo \u00e9 importante, como foi o passado e vai ser o pr\u00f3ximo contra o Atl\u00e9tico-MG\", disse Dudu"}}