{"432429":{"titulo":"Rebaixada, Ponte Preta viaja indefinida para Rio de Janeiro","link":"https:\/\/www.futebolinterior.com.br\/rebaixada-ponte-preta-viaja-indefinida-para-rio-de-janeiro\/","chapeu":"NADA DECIDIDO","data":"01\/12\/2017","imagem":"https:\/\/images.futebolinterior.com.br\/2021\/04\/0002050282381_img-300x215.jpg","resumo":"O zagueiro Rodrigo e o atacante Emerson Sheik n\u00e3o v\u00e3o viajar com o elenco"},"432445":{"titulo":"Rhodolfo e Vizeu s\u00e3o punidos pelo STJD por briga e desfalcam Fla contra Vit\u00f3ria","link":"https:\/\/www.futebolinterior.com.br\/rhodolfo-e-vizeu-sao-punidos-pelo-stjd-por-briga-e-desfalcam-fla-contra-vitoria\/","chapeu":"GANCHO!","data":"01\/12\/2017","imagem":"https:\/\/images.futebolinterior.com.br\/2021\/04\/0002050282378_img-300x169.jpg","resumo":"O defensor pegou cinco jogos de suspens\u00e3o e o atacante recebeu quatro partidas de pena"},"432435":{"titulo":"Gilson Kleina conversa com elenco da Chapecoense e pede concentra\u00e7\u00e3o","link":"https:\/\/www.futebolinterior.com.br\/gilson-kleina-conversa-com-elenco-da-chapecoense-e-pede-concentracao\/","chapeu":"EXPECTATIVA","data":"01\/12\/2017","imagem":"https:\/\/images.futebolinterior.com.br\/2021\/04\/0002050282377_img-300x200.jpg","resumo":"O Verd\u00e3o do Oeste precisa ganhar do Coritiba e torcer pelo trope\u00e7o de um do concorrentes"},"432439":{"titulo":"Chapecoense rebate acusa\u00e7\u00e3o de empres\u00e1rio sobre esquema de corrup\u00e7\u00e3o","link":"https:\/\/www.futebolinterior.com.br\/chapecoense-rebate-acusacao-de-empresario-sobre-esquema-de-corrupcao\/","chapeu":"AQUI, N\u00c3O!","data":"01\/12\/2017","imagem":"https:\/\/images.futebolinterior.com.br\/2021\/04\/0002050282374_img-300x181.jpg","resumo":"O presidente Pl\u00ednio David De N\u00eas disse que ir\u00e1 processar o autor da den\u00fancia inveridica contra o clube"},"432449":{"titulo":"Reuni\u00e3o pode colocar Santiago Tr\u00e9llez, do Vit\u00f3ria, no Corinthians","link":"https:\/\/www.futebolinterior.com.br\/reuniao-pode-colocar-santiago-trellez-do-vitoria-no-corinthians\/","chapeu":"NA MIRA","data":"01\/12\/2017","imagem":"https:\/\/images.futebolinterior.com.br\/2021\/04\/0002050282370_img-300x186.jpg","resumo":"Dirigentes alvinegros devem se reunir com os empres\u00e1rios do jogador na pr\u00f3xima semana"},"432496":{"titulo":"Paulinho pede aten\u00e7\u00e3o contra Ponte Preta para Vasco garantir vaga na Libertadores","link":"https:\/\/www.futebolinterior.com.br\/paulinho-pede-atencao-contra-ponte-preta-para-vasco-garantir-vaga-na-libertadores\/","chapeu":"CORRE!","data":"01\/12\/2017","imagem":"https:\/\/images.futebolinterior.com.br\/2021\/04\/0002050282336_img-300x200.jpg","resumo":"Uma vit\u00f3ria neste domingo coloca o Trem Bala da Colina no torneio continental em 2018"},"432487":{"titulo":"Atl\u00e9tico-GO recebe o Fluminense pra encerrar o ano de 'cabe\u00e7a erguida'","link":"https:\/\/www.futebolinterior.com.br\/atletico-go-recebe-o-fluminense-pra-encerrar-o-ano-de-cabeca-erguida\/","chapeu":"FINAL","data":"01\/12\/2017","imagem":"https:\/\/images.futebolinterior.com.br\/2021\/04\/0002050282334_img-300x200.jpg","resumo":"J\u00e1 rebaixado para a S\u00e9rie B, o Atl\u00e9tico-GO pode encerrar a temporada de cabe\u00e7a erguida no Campeonato Brasileiro"},"432494":{"titulo":"Atl\u00e9tico-MG x Gr\u00eamio - Diante do campe\u00e3o da Am\u00e9rica, Galo quer se garantir na Libertadores","link":"https:\/\/www.futebolinterior.com.br\/atletico-mg-x-gremio-diante-do-campeao-da-america-galo-quer-se-garantir-na-libertadores\/","chapeu":"JOG\u00c3O","data":"01\/12\/2017","imagem":"https:\/\/images.futebolinterior.com.br\/2021\/04\/0002050282333_img-300x128.jpg","resumo":"Ap\u00f3s conquistar o t\u00edtulo do principal campeonato do continente, o time ga\u00facho ir\u00e1 jogar com uma equipe Sub 19"},"432506":{"titulo":"Ava\u00ed faz 'jogo do ano' com o Santos para escapar do rebaixamento","link":"https:\/\/www.futebolinterior.com.br\/avai-faz-jogo-do-ano-com-o-santos-para-escapar-do-rebaixamento\/","chapeu":"\u00c9 POSS\u00cdVEL","data":"01\/12\/2017","imagem":"https:\/\/images.futebolinterior.com.br\/2021\/04\/0002050282318_img-300x200.jpg","resumo":"A miss\u00e3o do Ava\u00ed para se manter na primeira divis\u00e3o do Campeonato Brasileiro n\u00e3o ser\u00e1 f\u00e1cil neste domingo, \u00e0s 17 horas, pela 38\u00aa e \u00faltima rodada da competi\u00e7\u00e3o"},"432521":{"titulo":"Elano confirma Kayke no ataque do Santos contra Ava\u00ed; lateral esquerda \u00e9 d\u00favida","link":"https:\/\/www.futebolinterior.com.br\/elano-confirma-kayke-no-ataque-do-santos-contra-avai-lateral-esquerda-e-duvida\/","chapeu":"QUEM JOGA?","data":"01\/12\/2017","imagem":"https:\/\/images.futebolinterior.com.br\/2021\/04\/0002050282315_img-300x170.jpg","resumo":"O t\u00e9cnico interino Elano, do Santos, confirmou a escala\u00e7\u00e3o do atacante Kayke no lugar do titular Ricardo Oliveira (suspenso pelo terceiro cart\u00e3o amarelo) na partida contra o Ava\u00ed"}}