{"605638":{"titulo":"Com presen\u00e7a em mais de 100 pa\u00edses, jogadores brasileiros dominam o futebol","link":"https:\/\/www.futebolinterior.com.br\/com-presenca-em-mais-de-100-paises-jogadores-brasileiros-dominam-o-futebol\/","chapeu":"EXPORTA\u00c7\u00c3O DE CRAQUES","data":"01\/11\/2015","imagem":"https:\/\/images.futebolinterior.com.br\/2021\/04\/0002050125002_img-300x178.jpg","resumo":"O Brasil j\u00e1 \u00e9 o maior fornecedor de atletas para mercados emergentes como a \u00c1sia, Oriente M\u00e9dio e Estados Unidos"},"605645":{"titulo":"Oswaldo assume responsabilidade sobre afastamento dos atletas no Fla","link":"https:\/\/www.futebolinterior.com.br\/oswaldo-assume-responsabilidade-sobre-afastamento-dos-atletas-no-fla\/","chapeu":"FALA PROFESSOR!","data":"01\/11\/2015","imagem":"https:\/\/images.futebolinterior.com.br\/2021\/04\/0002050125005_img-300x169.jpg","resumo":"Par\u00e1, Alan Patrick, Marcelo Cirino, Everton e Paulinho foram afastados por tempo indeterminado, multados em 30% do sal\u00e1rio e desfalcam a equipe"},"605647":{"titulo":"Tite promete Corinthians 110% contra Atl\u00e9tico-MG na \"final\"","link":"https:\/\/www.futebolinterior.com.br\/tite-promete-corinthians-110-contra-atletico-mg-na-final\/","chapeu":"\u00c9 DECIS\u00c3O!","data":"01\/11\/2015","imagem":"https:\/\/images.futebolinterior.com.br\/2021\/04\/0002050125004_img-300x169.jpg","resumo":"O treinador garantiu um time bem postado defensivamente, n\u00e3o abrindo m\u00e3o de sua caracter\u00edstica"},"605649":{"titulo":"Vasco quer manter soberania em cl\u00e1ssico para se manter vivo no Brasileir\u00e3o","link":"https:\/\/www.futebolinterior.com.br\/vasco-quer-manter-soberania-em-classico-para-se-manter-vivo-no-brasileirao\/","chapeu":"QUEM PARA?","data":"01\/11\/2015","imagem":"https:\/\/images.futebolinterior.com.br\/2021\/04\/0002050125003_img-300x169.jpg","resumo":"O jogo n\u00e3o ser\u00e1 disputado no Maracan\u00e3 por op\u00e7\u00e3o do presidente Eurico Miranda"},"605641":{"titulo":"Com extradi\u00e7\u00e3o aos Estados Unidos, Jos\u00e9 Maria Marin ter\u00e1 privil\u00e9gios em Nova York","link":"https:\/\/www.futebolinterior.com.br\/com-extradicao-aos-estados-unidos-jose-maria-marin-tera-privilegios-em-nova-york\/","chapeu":"VIDA MANSA","data":"01\/11\/2015","imagem":"https:\/\/images.futebolinterior.com.br\/2021\/04\/0002050124995_img-300x225.jpg","resumo":"O dirigente vai cumprir sua pris\u00e3o domiciliar a duas esquinas do Central Park e rodeado de grifes de luxo"},"605651":{"titulo":"Substituto de Felipe Menezes, Arthur espera ter sequ\u00eancia no time do Goi\u00e1s","link":"https:\/\/www.futebolinterior.com.br\/substituto-de-felipe-menezes-arthur-espera-ter-sequencia-no-time-do-goias\/","chapeu":"CHANCE!","data":"01\/11\/2015","imagem":"https:\/\/images.futebolinterior.com.br\/2021\/04\/0002050125001_img-300x271.jpg","resumo":"O jogador ser\u00e1 titular na partida contra o Internacional neste domingo"},"605653":{"titulo":"Gr\u00eamio opta pelo mist\u00e9rio para surpreender Flamengo neste domingo","link":"https:\/\/www.futebolinterior.com.br\/gremio-opta-pelo-misterio-para-surpreender-flamengo-neste-domingo\/","chapeu":"SEGREDO!","data":"01\/11\/2015","imagem":"https:\/\/images.futebolinterior.com.br\/2021\/04\/0002050125000_img-300x146.jpg","resumo":"Marcelo Oliveira dever\u00e1 atuar de volante abrindo uma vaga para Marcelo Hermes na lateral esquerda"},"605655":{"titulo":"Ap\u00f3s elimina\u00e7\u00e3o honrosa, Chapecoense acredita em recupera\u00e7\u00e3o contra Atl\u00e9tico-PR","link":"https:\/\/www.futebolinterior.com.br\/apos-eliminacao-honrosa-chapecoense-acredita-em-recuperacao-contra-atletico-pr\/","chapeu":"VAI QUE VAI!","data":"01\/11\/2015","imagem":"https:\/\/images.futebolinterior.com.br\/2021\/04\/0002050124998_img-300x169.jpg","resumo":"Bruno Rangel foi poupado durante os treinamentos, mas n\u00e3o deve ser problema para o duelo"},"605657":{"titulo":"Edcarlos, do Atl\u00e9tico-MG, trata como obriga\u00e7\u00e3o vit\u00f3ria diante do l\u00edder Corinthians","link":"https:\/\/www.futebolinterior.com.br\/edcarlos-do-atletico-mg-trata-como-obrigacao-vitoria-diante-do-lider-corinthians\/","chapeu":"EU ACREDITO!","data":"01\/11\/2015","imagem":"https:\/\/images.futebolinterior.com.br\/2021\/04\/0002050124997_img-300x146.jpg","resumo":"Uma derrota do Galo, faz do Tim\u00e3o campe\u00e3o do Campeonato Brasileiro"},"605643":{"titulo":"Argel mostra preocupa\u00e7\u00e3o com desgaste dos jogadores do Inter no Serra Dourada","link":"https:\/\/www.futebolinterior.com.br\/argel-mostra-preocupacao-com-desgaste-dos-jogadores-do-inter-no-serra-dourada\/","chapeu":"CUIDADOS!","data":"01\/11\/2015","imagem":"https:\/\/images.futebolinterior.com.br\/2021\/04\/0002050125006_img-300x169.jpg","resumo":"O Colorado pode entrar no G4 ao t\u00e9rmino da rodada, mas precisa vencer de qualquer maneira"}}