{"609287":{"titulo":"Recuperado, Volante Welton Heleno, ex-Sport Recife \u00e9 monitorado por clubes do futebol nacional","link":"https:\/\/www.futebolinterior.com.br\/recuperado-volante-welton-heleno-ex-sport-recife-e-monitorado-por-clubes-do-futebol-nacional\/","chapeu":"DE VOLTA!","data":"16\/10\/2015","imagem":"https:\/\/images.futebolinterior.com.br\/2021\/04\/0002050121512_img-240x300.jpg","resumo":"O jogador se lesionou e acabou ficando sem clube no meio da temporada 2015, mas j\u00e1 est\u00e1 totalmente recuperado e pronto para novo desafio"},"609293":{"titulo":"Ava\u00ed x Palmeiras - Brigando pelo G4, Verd\u00e3o n\u00e3o pode pensar em perder mais pontos","link":"https:\/\/www.futebolinterior.com.br\/avai-x-palmeiras-brigando-pelo-g4-verdao-nao-pode-pensar-em-perder-mais-pontos\/","chapeu":"RETA FINAL!","data":"16\/10\/2015","imagem":"https:\/\/images.futebolinterior.com.br\/2021\/04\/0002050121510_img-300x169.jpg","resumo":"Ava\u00ed e Palmeiras abrem a 31\u00aa rodada do Brasileir\u00e3o neste s\u00e1bado, \u00e0s 18h30, na Ressacada, em Santa Catarina"},"609306":{"titulo":"Doriva tira Hudson do time e promove Luiz Eduardo a titular no S\u00e3o Paulo","link":"https:\/\/www.futebolinterior.com.br\/doriva-tira-hudson-do-time-e-promove-luiz-eduardo-a-titular-no-sao-paulo\/","chapeu":"MUDAN\u00c7AS!","data":"16\/10\/2015","imagem":"https:\/\/images.futebolinterior.com.br\/2021\/04\/0002050121509_img.jpg","resumo":"O t\u00e9cnico Doriva adiantou que o S\u00e3o Paulo vai ter uma mudan\u00e7a na escala\u00e7\u00e3o para enfrentar o Vasco, no domingo, pelo Campeonato Brasileiro"},"609298":{"titulo":"Botafogo x Bragantino - Depois de duas semanas, Fog\u00e3o volta a campo para defender a lideran\u00e7a","link":"https:\/\/www.futebolinterior.com.br\/botafogo-x-bragantino-depois-de-duas-semanas-fogao-volta-a-campo-para-defender-a-lideranca\/","chapeu":"DEPOIS DE UM TEMPO...","data":"16\/10\/2015","imagem":"https:\/\/images.futebolinterior.com.br\/2021\/04\/0002050121506_img-300x148.jpg","resumo":"Sem jogar h\u00e1 14 dias, o Glorioso viu a dist\u00e2nciar na lideran\u00e7a diminuir para um ponto em rela\u00e7\u00e3o ao Vit\u00f3ria e enfrenta o Braga no Engenh\u00e3o para abrir 'gordura'"},"609312":{"titulo":"Com Dami\u00e3o no banco, Cruzeiro pode ter 5 mudan\u00e7as para pegar o Flu","link":"https:\/\/www.futebolinterior.com.br\/com-damiao-no-banco-cruzeiro-pode-ter-5-mudancas-para-pegar-o-flu\/","chapeu":"BEM MUDADO!","data":"16\/10\/2015","imagem":"https:\/\/images.futebolinterior.com.br\/2021\/04\/0002050121504_img-300x187.jpg","resumo":"O Cruzeiro vai entrar em campo remodelado para enfrentar o Fluminense, domingo, \u00e0s 11 horas no Mineir\u00e3o"},"609321":{"titulo":"Eurico ataca vice da CBF e promete 'guerra sem quartel' se Del Nero n\u00e3o agir","link":"https:\/\/www.futebolinterior.com.br\/eurico-ataca-vice-da-cbf-e-promete-guerra-sem-quartel-se-del-nero-nao-agir\/","chapeu":"T\u00c1 AFIADO!","data":"16\/10\/2015","imagem":"https:\/\/images.futebolinterior.com.br\/2021\/04\/0002050121502_img-300x199.jpg","resumo":"Eurico Miranda, mandat\u00e1rio do Vasco, elevou o tom das acusa\u00e7\u00f5es contra o dirigente, que tamb\u00e9m \u00e9 presidente da Federa\u00e7\u00e3o Catarinense de Futebol"},"609327":{"titulo":"Erazo volta da sele\u00e7\u00e3o equatoriana e \u00e9 novidade em treino do Gr\u00eamio","link":"https:\/\/www.futebolinterior.com.br\/erazo-volta-da-selecao-equatoriana-e-e-novidade-em-treino-do-gremio\/","chapeu":"PAUSA PARA A SELE\u00c7\u00c3O!","data":"16\/10\/2015","imagem":"https:\/\/images.futebolinterior.com.br\/2021\/04\/0002050121496_img-300x218.jpg","resumo":"O zagueiro Erazo foi a principal novidade do treino dos reservas do Gr\u00eamio, nesta sexta-feira, no CT Luiz Carvalho"},"609334":{"titulo":"Elias e Felipe treinam na reapresenta\u00e7\u00e3o do Corinthians","link":"https:\/\/www.futebolinterior.com.br\/elias-e-felipe-treinam-na-reapresentacao-do-corinthians\/","chapeu":"DE VOLTA!","data":"16\/10\/2015","imagem":"https:\/\/images.futebolinterior.com.br\/2021\/04\/0002050121495_img-267x300.jpg","resumo":"O volante Elias e o zagueiro Felipe treinaram nesta sexta-feira no CT do Parque Ecol\u00f3gico e devem retornar ao Corinthians na partida deste domingo"},"609356":{"titulo":"Marcelo Oliveira volta a culpar les\u00f5es por m\u00e1 fase do Palmeiras","link":"https:\/\/www.futebolinterior.com.br\/marcelo-oliveira-volta-a-culpar-lesoes-por-ma-fase-do-palmeiras\/","chapeu":"DESCULPA?","data":"16\/10\/2015","imagem":"https:\/\/images.futebolinterior.com.br\/2021\/04\/0002050121485_img-300x169.jpg","resumo":"O t\u00e9cnico Marcelo Oliveira voltou a culpar as aus\u00eancias de alguns jogadores pela situa\u00e7\u00e3o inc\u00f4moda vivida pelo clube"},"609396":{"titulo":"Sob forte calor, Fluminense treina jogadas a\u00e9reas para duelo com o Cruzeiro","link":"https:\/\/www.futebolinterior.com.br\/sob-forte-calor-fluminense-treina-jogadas-aereas-para-duelo-com-o-cruzeiro\/","chapeu":"CALOR DO RIO!","data":"16\/10\/2015","imagem":"https:\/\/images.futebolinterior.com.br\/2021\/04\/0002050121459_img-300x168.jpg","resumo":"Fluminense treinou sob forte calor nesta sexta-feira nas Laranjeiras, em uma tentativa de se adaptar melhor \u00e0s condi\u00e7\u00f5es que vai precisar encarar no fim de semana"}}